{"id":1650,"date":"2017-11-30T14:54:00","date_gmt":"2017-11-30T14:54:00","guid":{"rendered":"https:\/\/misswheelchairworld.org\/?p=1650"},"modified":"2023-11-02T14:54:31","modified_gmt":"2023-11-02T13:54:31","slug":"4th-ep-of-persons-with-disabilities","status":"publish","type":"post","link":"https:\/\/misswheelchairworld.org\/en\/4th-ep-of-persons-with-disabilities\/","title":{"rendered":"4th EP of Persons with Disabilities"},"content":{"rendered":"<style>.kb-row-layout-id1650_5d809f-7f > .kt-row-column-wrap{align-content:center;}:where(.kb-row-layout-id1650_5d809f-7f > .kt-row-column-wrap) > .wp-block-kadence-column{justify-content:center;}.kb-row-layout-id1650_5d809f-7f > .kt-row-column-wrap{column-gap:var(--global-kb-gap-md, 2rem);row-gap:var(--global-kb-gap-md, 2rem);max-width:1150px;margin-left:auto;margin-right:auto;padding-top:50px;padding-bottom:0px;grid-template-columns:repeat(2, minmax(0, 1fr));}.kb-row-layout-id1650_5d809f-7f > .kt-row-layout-overlay{opacity:0.30;}@media all and (max-width: 1024px){.kb-row-layout-id1650_5d809f-7f > .kt-row-column-wrap{grid-template-columns:minmax(0, 1fr);}}@media all and (max-width: 767px){.kb-row-layout-id1650_5d809f-7f > .kt-row-column-wrap{padding-top:40px;grid-template-columns:minmax(0, 1fr);}}<\/style><div class=\"kb-row-layout-wrap kb-row-layout-id1650_5d809f-7f alignfull wp-block-kadence-rowlayout\"><div class=\"kt-row-column-wrap kt-has-2-columns kt-row-layout-equal kt-tab-layout-row kt-mobile-layout-row kt-row-valign-middle\">\n<style>.kadence-column1650_3e4a14-51 > .kt-inside-inner-col,.kadence-column1650_3e4a14-51 > .kt-inside-inner-col:before{border-top-left-radius:0px;border-top-right-radius:0px;border-bottom-right-radius:0px;border-bottom-left-radius:0px;}.kadence-column1650_3e4a14-51 > .kt-inside-inner-col{column-gap:var(--global-kb-gap-sm, 1rem);}.kadence-column1650_3e4a14-51 > .kt-inside-inner-col{flex-direction:column;}.kadence-column1650_3e4a14-51 > .kt-inside-inner-col > .aligncenter{width:100%;}.kadence-column1650_3e4a14-51 > .kt-inside-inner-col:before{opacity:0.3;}.kadence-column1650_3e4a14-51{position:relative;}@media all and (max-width: 1024px){.kadence-column1650_3e4a14-51 > .kt-inside-inner-col{flex-direction:column;justify-content:center;}}@media all and (max-width: 767px){.kadence-column1650_3e4a14-51 > .kt-inside-inner-col{flex-direction:column;justify-content:center;}}<\/style>\n<div class=\"wp-block-kadence-column kadence-column1650_3e4a14-51 inner-column-1\" data-aos=\"zoom-in\" data-aos-duration=\"800\" data-aos-easing=\"ease\"><div class=\"kt-inside-inner-col\"><div class=\"wp-block-image\">\n<figure class=\"aligncenter size-full\"><img loading=\"lazy\" decoding=\"async\" width=\"280\" height=\"222\" src=\"https:\/\/misswheelchairworld.org\/wp-content\/uploads\/2022\/10\/24059005_1634927643197156_3522942821734275833_n-kopia_min.png\" alt=\"\" class=\"wp-image-1651\" srcset=\"https:\/\/misswheelchairworld.org\/wp-content\/uploads\/2022\/10\/24059005_1634927643197156_3522942821734275833_n-kopia_min.png 280w, https:\/\/misswheelchairworld.org\/wp-content\/uploads\/2022\/10\/24059005_1634927643197156_3522942821734275833_n-kopia_min-15x12.png 15w\" sizes=\"auto, (max-width: 280px) 100vw, 280px\" \/><\/figure><\/div><\/div><\/div>\n\n\n<style>.kadence-column1650_f41240-de > .kt-inside-inner-col,.kadence-column1650_f41240-de > .kt-inside-inner-col:before{border-top-left-radius:0px;border-top-right-radius:0px;border-bottom-right-radius:0px;border-bottom-left-radius:0px;}.kadence-column1650_f41240-de > .kt-inside-inner-col{column-gap:var(--global-kb-gap-sm, 1rem);}.kadence-column1650_f41240-de > .kt-inside-inner-col{flex-direction:column;}.kadence-column1650_f41240-de > .kt-inside-inner-col > .aligncenter{width:100%;}.kadence-column1650_f41240-de > .kt-inside-inner-col:before{opacity:0.3;}.kadence-column1650_f41240-de{position:relative;}@media all and (max-width: 1024px){.kadence-column1650_f41240-de > .kt-inside-inner-col{flex-direction:column;justify-content:center;}}@media all and (max-width: 767px){.kadence-column1650_f41240-de > .kt-inside-inner-col{flex-direction:column;justify-content:center;}}<\/style>\n<div class=\"wp-block-kadence-column kadence-column1650_f41240-de inner-column-2\"><div class=\"kt-inside-inner-col\"><style>.wp-block-kadence-advancedheading.kt-adv-heading1650_4b96fa-14, .wp-block-kadence-advancedheading.kt-adv-heading1650_4b96fa-14[data-kb-block=\"kb-adv-heading1650_4b96fa-14\"]{font-style:normal;}.wp-block-kadence-advancedheading.kt-adv-heading1650_4b96fa-14 mark.kt-highlight, .wp-block-kadence-advancedheading.kt-adv-heading1650_4b96fa-14[data-kb-block=\"kb-adv-heading1650_4b96fa-14\"] mark.kt-highlight{font-style:normal;color:#f76a0c;-webkit-box-decoration-break:clone;box-decoration-break:clone;padding-top:0px;padding-right:0px;padding-bottom:0px;padding-left:0px;}<\/style>\n<h3 class=\"kt-adv-heading1650_4b96fa-14 wp-block-kadence-advancedheading\" data-kb-block=\"kb-adv-heading1650_4b96fa-14\">4th EP of Persons with Disabilities<\/h3>\n\n\n\n<p><strong>On the 6th of December, the 4th European Parliament of Persons with Disabilities will be held. The event takes in Brussels. The aim of this event is to develop recommendations for the EP regarding the rights of people with disabilities. Representatives from all EU Member States will participate. Poland will be the largest group during this event and among the representatives of our country will also be. The Only One Foundation, which is actively working to change the image of people with disabilities.<\/strong><\/p>\n<\/div><\/div>\n\n<\/div><\/div>\n\n<style>.wp-block-kadence-advancedheading.kt-adv-heading1650_58e0b1-8e, .wp-block-kadence-advancedheading.kt-adv-heading1650_58e0b1-8e[data-kb-block=\"kb-adv-heading1650_58e0b1-8e\"]{font-style:normal;}.wp-block-kadence-advancedheading.kt-adv-heading1650_58e0b1-8e mark.kt-highlight, .wp-block-kadence-advancedheading.kt-adv-heading1650_58e0b1-8e[data-kb-block=\"kb-adv-heading1650_58e0b1-8e\"] mark.kt-highlight{font-style:normal;color:#f76a0c;-webkit-box-decoration-break:clone;box-decoration-break:clone;padding-top:0px;padding-right:0px;padding-bottom:0px;padding-left:0px;}<\/style>\n<h4 class=\"kt-adv-heading1650_58e0b1-8e wp-block-kadence-advancedheading\" data-kb-block=\"kb-adv-heading1650_58e0b1-8e\">Some history\u2026.<\/h4>\n\n\n\n<p>The European Disability Forum is an independent non-governmental organization representing the interests of 80 million disabled Europeans. This is a unique platform bringing together representative organizations of people with disabilities from all over Europe. EDF is run by people with disabilities and their families who are fighting for their rights. The European Parliament of People with Disabilities meets on average every 10 years in the European Parliament's Chamber in Brussels. The difference is that it's not Members of the European Parliament that are sitting in the seats, but the representatives of organizations acting for the benefit of people with disabilities.<\/p>\n\n\n<style>.wp-block-kadence-advancedheading.kt-adv-heading1650_c7494e-04, .wp-block-kadence-advancedheading.kt-adv-heading1650_c7494e-04[data-kb-block=\"kb-adv-heading1650_c7494e-04\"]{font-style:normal;}.wp-block-kadence-advancedheading.kt-adv-heading1650_c7494e-04 mark.kt-highlight, .wp-block-kadence-advancedheading.kt-adv-heading1650_c7494e-04[data-kb-block=\"kb-adv-heading1650_c7494e-04\"] mark.kt-highlight{font-style:normal;color:#f76a0c;-webkit-box-decoration-break:clone;box-decoration-break:clone;padding-top:0px;padding-right:0px;padding-bottom:0px;padding-left:0px;}<\/style>\n<h4 class=\"kt-adv-heading1650_c7494e-04 wp-block-kadence-advancedheading\" data-kb-block=\"kb-adv-heading1650_c7494e-04\">The largest group from Poland ...<\/h4>\n\n\n\n<p>The Polish delegation will be one of the strongest among all EU Member States! Next to the Memebers of the Parliament, representatives of Non-governmental organizations, journalists, representatives of people with disabilities will be also The Only One Foundation and Aleksandra Chichikova - Miss Wheelchair World 2017. <a href=\"http:\/\/jedyna-taka.pl\/\">Fundacji Jedyna Taka<\/a> i Aleksandra Chichikova \u2013 Miss Wheelchair World 2017.<\/p>\n\n\n<style>.wp-block-kadence-advancedheading.kt-adv-heading1650_539450-95, .wp-block-kadence-advancedheading.kt-adv-heading1650_539450-95[data-kb-block=\"kb-adv-heading1650_539450-95\"]{font-style:normal;}.wp-block-kadence-advancedheading.kt-adv-heading1650_539450-95 mark.kt-highlight, .wp-block-kadence-advancedheading.kt-adv-heading1650_539450-95[data-kb-block=\"kb-adv-heading1650_539450-95\"] mark.kt-highlight{font-style:normal;color:#f76a0c;-webkit-box-decoration-break:clone;box-decoration-break:clone;padding-top:0px;padding-right:0px;padding-bottom:0px;padding-left:0px;}<\/style>\n<h4 class=\"kt-adv-heading1650_539450-95 wp-block-kadence-advancedheading\" data-kb-block=\"kb-adv-heading1650_539450-95\">Main topics of this year's conference ...<\/h4>\n\n\n\n<p>This year's Brussels debates will cover the topics of accessibility during elections, the implementation of the United Nations Convention especially the Rights of Persons with Disabilities and also European strategy regarding to people with disabilities for the years 2020-2030.<\/p>\n\n\n<style>.wp-block-kadence-advancedheading.kt-adv-heading1650_6c7889-40, .wp-block-kadence-advancedheading.kt-adv-heading1650_6c7889-40[data-kb-block=\"kb-adv-heading1650_6c7889-40\"]{font-style:normal;}.wp-block-kadence-advancedheading.kt-adv-heading1650_6c7889-40 mark.kt-highlight, .wp-block-kadence-advancedheading.kt-adv-heading1650_6c7889-40[data-kb-block=\"kb-adv-heading1650_6c7889-40\"] mark.kt-highlight{font-style:normal;color:#f76a0c;-webkit-box-decoration-break:clone;box-decoration-break:clone;padding-top:0px;padding-right:0px;padding-bottom:0px;padding-left:0px;}<\/style>\n<h4 class=\"kt-adv-heading1650_6c7889-40 wp-block-kadence-advancedheading\" data-kb-block=\"kb-adv-heading1650_6c7889-40\">Preparatory seminar ...<\/h4>\n\n\n\n<p>On Wednesday, 22nd of November, in Warsaw took place a preparatory meeting for polish representatives for the 4th European Parliament of persons with disabilities. The delegates from Poland were able to get acquainted with the subjects of debates that will take place during the parliamentary meeting  and they were trying to reach  a common ground, that will be presented in parliamentary speeches.<\/p>\n\n\n<style>.kb-image1650_77e2b2-da .kb-image-has-overlay:after{opacity:0.3;}<\/style>\n<div class=\"wp-block-kadence-image kb-image1650_77e2b2-da\" data-aos=\"zoom-in\" data-aos-duration=\"800\" data-aos-easing=\"ease\"><figure class=\"aligncenter size-full\"><img loading=\"lazy\" decoding=\"async\" width=\"960\" height=\"637\" src=\"https:\/\/misswheelchairworld.org\/wp-content\/uploads\/2022\/10\/2europ.jpg\" alt=\"\" class=\"kb-img wp-image-1655\" srcset=\"https:\/\/misswheelchairworld.org\/wp-content\/uploads\/2022\/10\/2europ.jpg 960w, https:\/\/misswheelchairworld.org\/wp-content\/uploads\/2022\/10\/2europ-300x199.jpg 300w, https:\/\/misswheelchairworld.org\/wp-content\/uploads\/2022\/10\/2europ-768x510.jpg 768w, https:\/\/misswheelchairworld.org\/wp-content\/uploads\/2022\/10\/2europ-18x12.jpg 18w\" sizes=\"auto, (max-width: 960px) 100vw, 960px\" \/><\/figure><\/div>\n\n\n<style>.wp-block-kadence-advancedheading.kt-adv-heading1650_79ab0c-80, .wp-block-kadence-advancedheading.kt-adv-heading1650_79ab0c-80[data-kb-block=\"kb-adv-heading1650_79ab0c-80\"]{font-style:normal;}.wp-block-kadence-advancedheading.kt-adv-heading1650_79ab0c-80 mark.kt-highlight, .wp-block-kadence-advancedheading.kt-adv-heading1650_79ab0c-80[data-kb-block=\"kb-adv-heading1650_79ab0c-80\"] mark.kt-highlight{font-style:normal;color:#f76a0c;-webkit-box-decoration-break:clone;box-decoration-break:clone;padding-top:0px;padding-right:0px;padding-bottom:0px;padding-left:0px;}<\/style>\n<h4 class=\"kt-adv-heading1650_79ab0c-80 wp-block-kadence-advancedheading\" data-kb-block=\"kb-adv-heading1650_79ab0c-80\">Our aim\u2026<\/h4>\n\n\n\n<p>As an organization working for people with disabilities, we want to raise(one of the most important subjects for us, namely assistance for people with disabilities. In our country, but also in others, unfortunately government forgets about the dependent people, who without the help of others are not able to perform many activities. As an organization in which dependent people are currently working, we know how important it is to have a person who will help in everyday functioning and therefore will improve the quality of their lives. In our view, such a solution would certainly open employers to people with disabilities and, above all, would encourage people with disabilities to become more active and committed to live.<\/p>\n\n\n<style>.wp-block-kadence-advancedheading.kt-adv-heading1650_4b6fe2-de, .wp-block-kadence-advancedheading.kt-adv-heading1650_4b6fe2-de[data-kb-block=\"kb-adv-heading1650_4b6fe2-de\"]{font-style:normal;}.wp-block-kadence-advancedheading.kt-adv-heading1650_4b6fe2-de mark.kt-highlight, .wp-block-kadence-advancedheading.kt-adv-heading1650_4b6fe2-de[data-kb-block=\"kb-adv-heading1650_4b6fe2-de\"] mark.kt-highlight{font-style:normal;color:#f76a0c;-webkit-box-decoration-break:clone;box-decoration-break:clone;padding-top:0px;padding-right:0px;padding-bottom:0px;padding-left:0px;}<\/style>\n<h4 class=\"kt-adv-heading1650_4b6fe2-de wp-block-kadence-advancedheading\" data-kb-block=\"kb-adv-heading1650_4b6fe2-de\">The most important invited speakers ...<\/h4>\n\n\n\n<ul class=\"wp-block-list\">\n<li>Emily O'Reilly, European Ombudsman<\/li>\n\n\n\n<li>Georgios Dassis, President of the European Economic and Social Committee (EESC)<\/li>\n\n\n\n<li>Dimitrios Papadimoulis, Vice President of the European Parliament<\/li>\n\n\n\n<li>Marian Thyssen, European Commissioner for Employment, Social Affairs, Skills and Labour Mobility<\/li>\n\n\n\n<li>Christos Stylianides, European Commissioner for Humanitarian Aid and Crisis Management<\/li>\n\n\n\n<li>Neven Mimica, European Commissioner in charge of International cooperation and Development.<\/li>\n\n\n\n<li>Jana Hainsworth, President of Social Platform<\/li>\n<\/ul>\n\n\n\n<p>The President of the European Parliament, Antonio Tajani, and President of European Disability Forum Yannis Vardakastanis will open this event.<\/p>\n\n\n<style>.wp-block-kadence-advancedheading.kt-adv-heading1650_41221c-df, .wp-block-kadence-advancedheading.kt-adv-heading1650_41221c-df[data-kb-block=\"kb-adv-heading1650_41221c-df\"]{font-style:normal;}.wp-block-kadence-advancedheading.kt-adv-heading1650_41221c-df mark.kt-highlight, .wp-block-kadence-advancedheading.kt-adv-heading1650_41221c-df[data-kb-block=\"kb-adv-heading1650_41221c-df\"] mark.kt-highlight{font-style:normal;color:#f76a0c;-webkit-box-decoration-break:clone;box-decoration-break:clone;padding-top:0px;padding-right:0px;padding-bottom:0px;padding-left:0px;}<\/style>\n<h4 class=\"kt-adv-heading1650_41221c-df wp-block-kadence-advancedheading\" data-kb-block=\"kb-adv-heading1650_41221c-df\">\"Nothing about us without us\" ....<\/h4>\n\n\n\n<p>We are glad that the group from Poland is so large and we hope in that in this dialogue the voice of all people with disabilities and especially from our country, will sound loud and clear because it is really important.<\/p>\n\n\n<style>.wp-block-kadence-advancedheading.kt-adv-heading1650_f675f0-8c, .wp-block-kadence-advancedheading.kt-adv-heading1650_f675f0-8c[data-kb-block=\"kb-adv-heading1650_f675f0-8c\"]{margin-top:-20px;font-style:normal;}.wp-block-kadence-advancedheading.kt-adv-heading1650_f675f0-8c mark.kt-highlight, .wp-block-kadence-advancedheading.kt-adv-heading1650_f675f0-8c[data-kb-block=\"kb-adv-heading1650_f675f0-8c\"] mark.kt-highlight{font-style:normal;color:#f76a0c;-webkit-box-decoration-break:clone;box-decoration-break:clone;padding-top:0px;padding-right:0px;padding-bottom:0px;padding-left:0px;}<\/style>\n<p class=\"kt-adv-heading1650_f675f0-8c wp-block-kadence-advancedheading\" data-kb-block=\"kb-adv-heading1650_f675f0-8c\">We are very grateful to the MEP Marek Plura, who has honoured us at the Miss Wheelchair World 2017 Final Gala and now will be coordinating the arrival of delegates from Poland.<\/p>\n\n\n<style>.kb-image1650_73438f-20 .kb-image-has-overlay:after{opacity:0.3;}<\/style>\n<div class=\"wp-block-kadence-image kb-image1650_73438f-20\" data-aos=\"zoom-in\" data-aos-duration=\"800\" data-aos-easing=\"ease\"><figure class=\"aligncenter size-full\"><img loading=\"lazy\" decoding=\"async\" width=\"784\" height=\"295\" src=\"https:\/\/misswheelchairworld.org\/wp-content\/uploads\/2022\/10\/1europe.png\" alt=\"\" class=\"kb-img wp-image-1654\" srcset=\"https:\/\/misswheelchairworld.org\/wp-content\/uploads\/2022\/10\/1europe.png 784w, https:\/\/misswheelchairworld.org\/wp-content\/uploads\/2022\/10\/1europe-300x113.png 300w, https:\/\/misswheelchairworld.org\/wp-content\/uploads\/2022\/10\/1europe-768x289.png 768w, https:\/\/misswheelchairworld.org\/wp-content\/uploads\/2022\/10\/1europe-18x7.png 18w\" sizes=\"auto, (max-width: 784px) 100vw, 784px\" \/><\/figure><\/div>\n\n\n<style>.wp-block-kadence-advancedheading.kt-adv-heading1650_7de953-64, .wp-block-kadence-advancedheading.kt-adv-heading1650_7de953-64[data-kb-block=\"kb-adv-heading1650_7de953-64\"]{font-style:normal;}.wp-block-kadence-advancedheading.kt-adv-heading1650_7de953-64 mark.kt-highlight, .wp-block-kadence-advancedheading.kt-adv-heading1650_7de953-64[data-kb-block=\"kb-adv-heading1650_7de953-64\"] mark.kt-highlight{font-style:normal;color:#f76a0c;-webkit-box-decoration-break:clone;box-decoration-break:clone;padding-top:0px;padding-right:0px;padding-bottom:0px;padding-left:0px;}<\/style>\n<h4 class=\"kt-adv-heading1650_7de953-64 wp-block-kadence-advancedheading\" data-kb-block=\"kb-adv-heading1650_7de953-64\">Good to know...<\/h4>\n\n\n\n<p>What matters, is that the conference will be web streamed live, with subtitles and international sign interpretation on the European Parliament Web TV.<\/p>\n\n\n<style>.wp-block-kadence-advancedheading.kt-adv-heading1650_450f38-54, .wp-block-kadence-advancedheading.kt-adv-heading1650_450f38-54[data-kb-block=\"kb-adv-heading1650_450f38-54\"]{padding-bottom:25px;margin-top:-20px;font-style:normal;}.wp-block-kadence-advancedheading.kt-adv-heading1650_450f38-54 mark.kt-highlight, .wp-block-kadence-advancedheading.kt-adv-heading1650_450f38-54[data-kb-block=\"kb-adv-heading1650_450f38-54\"] mark.kt-highlight{font-style:normal;color:#f76a0c;-webkit-box-decoration-break:clone;box-decoration-break:clone;padding-top:0px;padding-right:0px;padding-bottom:0px;padding-left:0px;}<\/style>\n<p class=\"kt-adv-heading1650_450f38-54 wp-block-kadence-advancedheading\" data-kb-block=\"kb-adv-heading1650_450f38-54\">For more information visit the website: <a href=\"http:\/\/www.edf-feph.org\/\">http:\/\/www.edf-feph.org\/<\/a> MEP Marek Plura's website: <a href=\"https:\/\/www.facebook.com\/plura.marek\/\">https:\/\/www.facebook.com\/plura.marek\/<\/a><\/p>","protected":false},"excerpt":{"rendered":"<p>IV Europejski Parlament Os\u00f3b Niepe\u0142nosprawnych Ju\u017c 6 grudnia w Brukseli odb\u0119dzie si\u0119 IV Europejski Parlament Os\u00f3b Niepe\u0142nosprawnych, kt\u00f3rego celem jest wypracowanie rekomendacji dla PE w kwestii praw os\u00f3b z niepe\u0142nosprawno\u015bci\u0105. Wezm\u0105 w nim udzia\u0142 przedstawiciele wszystkich pa\u0144stw cz\u0142onkowskich UE. Polska b\u0119dzie najliczniejsz\u0105 grup\u0105 podczas tego wydarzenia, a w\u015br\u00f3d przedstawicieli naszego kraju znajdzie si\u0119 r\u00f3wnie\u017c Fundacja&#8230;<\/p>","protected":false},"author":1,"featured_media":1651,"comment_status":"closed","ping_status":"open","sticky":false,"template":"","format":"standard","meta":{"_kad_post_transparent":"","_kad_post_title":"hide","_kad_post_layout":"normal","_kad_post_sidebar_id":"","_kad_post_content_style":"unboxed","_kad_post_vertical_padding":"hide","_kad_post_feature":"","_kad_post_feature_position":"","_kad_post_header":false,"_kad_post_footer":false,"_kad_post_classname":"","footnotes":""},"categories":[1],"tags":[],"class_list":["post-1650","post","type-post","status-publish","format-standard","has-post-thumbnail","hentry","category-uncategorized"],"yoast_head":"<!-- This site is optimized with the Yoast SEO plugin v26.3 - https:\/\/yoast.com\/wordpress\/plugins\/seo\/ -->\n<title>IV Europejski Parlament Os\u00f3b Niepe\u0142nosprawnych - Miss Wheelchair World<\/title>\n<meta name=\"robots\" content=\"index, follow, max-snippet:-1, max-image-preview:large, max-video-preview:-1\" \/>\n<link rel=\"canonical\" href=\"https:\/\/misswheelchairworld.org\/en\/4th-ep-of-persons-with-disabilities\/\" \/>\n<meta property=\"og:locale\" content=\"en_GB\" \/>\n<meta property=\"og:type\" content=\"article\" \/>\n<meta property=\"og:title\" content=\"IV Europejski Parlament Os\u00f3b Niepe\u0142nosprawnych - Miss Wheelchair World\" \/>\n<meta property=\"og:description\" content=\"IV Europejski Parlament Os\u00f3b Niepe\u0142nosprawnych Ju\u017c 6 grudnia w Brukseli odb\u0119dzie si\u0119 IV Europejski Parlament Os\u00f3b Niepe\u0142nosprawnych, kt\u00f3rego celem jest wypracowanie rekomendacji dla PE w kwestii praw os\u00f3b z niepe\u0142nosprawno\u015bci\u0105. Wezm\u0105 w nim udzia\u0142 przedstawiciele wszystkich pa\u0144stw cz\u0142onkowskich UE. Polska b\u0119dzie najliczniejsz\u0105 grup\u0105 podczas tego wydarzenia, a w\u015br\u00f3d przedstawicieli naszego kraju znajdzie si\u0119 r\u00f3wnie\u017c Fundacja...\" \/>\n<meta property=\"og:url\" content=\"https:\/\/misswheelchairworld.org\/en\/4th-ep-of-persons-with-disabilities\/\" \/>\n<meta property=\"og:site_name\" content=\"Miss Wheelchair World\" \/>\n<meta property=\"article:publisher\" content=\"https:\/\/www.facebook.com\/MissWheelchairWorld\" \/>\n<meta property=\"article:published_time\" content=\"2017-11-30T14:54:00+00:00\" \/>\n<meta property=\"article:modified_time\" content=\"2023-11-02T13:54:31+00:00\" \/>\n<meta property=\"og:image\" content=\"https:\/\/misswheelchairworld.org\/wp-content\/uploads\/2022\/10\/24059005_1634927643197156_3522942821734275833_n-kopia_min.png\" \/>\n\t<meta property=\"og:image:width\" content=\"280\" \/>\n\t<meta property=\"og:image:height\" content=\"222\" \/>\n\t<meta property=\"og:image:type\" content=\"image\/png\" \/>\n<meta name=\"author\" content=\"gosialis\" \/>\n<meta name=\"twitter:card\" content=\"summary_large_image\" \/>\n<meta name=\"twitter:creator\" content=\"@Jedyna__Taka\" \/>\n<meta name=\"twitter:site\" content=\"@Jedyna__Taka\" \/>\n<meta name=\"twitter:label1\" content=\"Written by\" \/>\n\t<meta name=\"twitter:data1\" content=\"gosialis\" \/>\n\t<meta name=\"twitter:label2\" content=\"Estimated reading time\" \/>\n\t<meta name=\"twitter:data2\" content=\"5 minutes\" \/>\n<script type=\"application\/ld+json\" class=\"yoast-schema-graph\">{\"@context\":\"https:\/\/schema.org\",\"@graph\":[{\"@type\":\"Article\",\"@id\":\"https:\/\/misswheelchairworld.org\/4th-ep-of-persons-with-disabilities\/#article\",\"isPartOf\":{\"@id\":\"https:\/\/misswheelchairworld.org\/4th-ep-of-persons-with-disabilities\/\"},\"author\":{\"name\":\"gosialis\",\"@id\":\"https:\/\/misswheelchairworld.org\/#\/schema\/person\/3418b832d7090b25a61cdfbdd6e1005b\"},\"headline\":\"IV Europejski Parlament Os\u00f3b Niepe\u0142nosprawnych\",\"datePublished\":\"2017-11-30T14:54:00+00:00\",\"dateModified\":\"2023-11-02T13:54:31+00:00\",\"mainEntityOfPage\":{\"@id\":\"https:\/\/misswheelchairworld.org\/4th-ep-of-persons-with-disabilities\/\"},\"wordCount\":745,\"publisher\":{\"@id\":\"https:\/\/misswheelchairworld.org\/#organization\"},\"image\":{\"@id\":\"https:\/\/misswheelchairworld.org\/4th-ep-of-persons-with-disabilities\/#primaryimage\"},\"thumbnailUrl\":\"https:\/\/misswheelchairworld.org\/wp-content\/uploads\/2022\/10\/24059005_1634927643197156_3522942821734275833_n-kopia_min.png\",\"articleSection\":[\"Uncategorized\"],\"inLanguage\":\"en-GB\"},{\"@type\":\"WebPage\",\"@id\":\"https:\/\/misswheelchairworld.org\/4th-ep-of-persons-with-disabilities\/\",\"url\":\"https:\/\/misswheelchairworld.org\/4th-ep-of-persons-with-disabilities\/\",\"name\":\"IV Europejski Parlament Os\u00f3b Niepe\u0142nosprawnych - Miss Wheelchair World\",\"isPartOf\":{\"@id\":\"https:\/\/misswheelchairworld.org\/#website\"},\"primaryImageOfPage\":{\"@id\":\"https:\/\/misswheelchairworld.org\/4th-ep-of-persons-with-disabilities\/#primaryimage\"},\"image\":{\"@id\":\"https:\/\/misswheelchairworld.org\/4th-ep-of-persons-with-disabilities\/#primaryimage\"},\"thumbnailUrl\":\"https:\/\/misswheelchairworld.org\/wp-content\/uploads\/2022\/10\/24059005_1634927643197156_3522942821734275833_n-kopia_min.png\",\"datePublished\":\"2017-11-30T14:54:00+00:00\",\"dateModified\":\"2023-11-02T13:54:31+00:00\",\"breadcrumb\":{\"@id\":\"https:\/\/misswheelchairworld.org\/4th-ep-of-persons-with-disabilities\/#breadcrumb\"},\"inLanguage\":\"en-GB\",\"potentialAction\":[{\"@type\":\"ReadAction\",\"target\":[\"https:\/\/misswheelchairworld.org\/4th-ep-of-persons-with-disabilities\/\"]}]},{\"@type\":\"ImageObject\",\"inLanguage\":\"en-GB\",\"@id\":\"https:\/\/misswheelchairworld.org\/4th-ep-of-persons-with-disabilities\/#primaryimage\",\"url\":\"https:\/\/misswheelchairworld.org\/wp-content\/uploads\/2022\/10\/24059005_1634927643197156_3522942821734275833_n-kopia_min.png\",\"contentUrl\":\"https:\/\/misswheelchairworld.org\/wp-content\/uploads\/2022\/10\/24059005_1634927643197156_3522942821734275833_n-kopia_min.png\",\"width\":280,\"height\":222},{\"@type\":\"BreadcrumbList\",\"@id\":\"https:\/\/misswheelchairworld.org\/4th-ep-of-persons-with-disabilities\/#breadcrumb\",\"itemListElement\":[{\"@type\":\"ListItem\",\"position\":1,\"name\":\"Home\",\"item\":\"https:\/\/misswheelchairworld.org\/\"},{\"@type\":\"ListItem\",\"position\":2,\"name\":\"IV Europejski Parlament Os\u00f3b Niepe\u0142nosprawnych\"}]},{\"@type\":\"WebSite\",\"@id\":\"https:\/\/misswheelchairworld.org\/#website\",\"url\":\"https:\/\/misswheelchairworld.org\/\",\"name\":\"Miss Wheelchair World\",\"description\":\"Miss Wheelchair World\",\"publisher\":{\"@id\":\"https:\/\/misswheelchairworld.org\/#organization\"},\"potentialAction\":[{\"@type\":\"SearchAction\",\"target\":{\"@type\":\"EntryPoint\",\"urlTemplate\":\"https:\/\/misswheelchairworld.org\/?s={search_term_string}\"},\"query-input\":{\"@type\":\"PropertyValueSpecification\",\"valueRequired\":true,\"valueName\":\"search_term_string\"}}],\"inLanguage\":\"en-GB\"},{\"@type\":\"Organization\",\"@id\":\"https:\/\/misswheelchairworld.org\/#organization\",\"name\":\"Miss Wheelchair World\",\"url\":\"https:\/\/misswheelchairworld.org\/\",\"logo\":{\"@type\":\"ImageObject\",\"inLanguage\":\"en-GB\",\"@id\":\"https:\/\/misswheelchairworld.org\/#\/schema\/logo\/image\/\",\"url\":\"https:\/\/misswheelchairworld.org\/wp-content\/uploads\/2022\/10\/Kopia-logoMWW-angielskie-czyste.png\",\"contentUrl\":\"https:\/\/misswheelchairworld.org\/wp-content\/uploads\/2022\/10\/Kopia-logoMWW-angielskie-czyste.png\",\"width\":4871,\"height\":1852,\"caption\":\"Miss Wheelchair World\"},\"image\":{\"@id\":\"https:\/\/misswheelchairworld.org\/#\/schema\/logo\/image\/\"},\"sameAs\":[\"https:\/\/www.facebook.com\/MissWheelchairWorld\",\"https:\/\/x.com\/Jedyna__Taka\",\"https:\/\/www.instagram.com\/misswheelchairworld\/\",\"https:\/\/www.youtube.com\/channel\/UCVaiD9tQULYwtIwQFAyk7zw\"]},{\"@type\":\"Person\",\"@id\":\"https:\/\/misswheelchairworld.org\/#\/schema\/person\/3418b832d7090b25a61cdfbdd6e1005b\",\"name\":\"gosialis\",\"image\":{\"@type\":\"ImageObject\",\"inLanguage\":\"en-GB\",\"@id\":\"https:\/\/misswheelchairworld.org\/#\/schema\/person\/image\/\",\"url\":\"https:\/\/secure.gravatar.com\/avatar\/d32e771e2d111cd51fb159185c23dbcf7416c3fc2cc9aec03b6a21c1e744a7ca?s=96&d=mm&r=g\",\"contentUrl\":\"https:\/\/secure.gravatar.com\/avatar\/d32e771e2d111cd51fb159185c23dbcf7416c3fc2cc9aec03b6a21c1e744a7ca?s=96&d=mm&r=g\",\"caption\":\"gosialis\"},\"sameAs\":[\"https:\/\/misswheelchairworld.org\"],\"url\":\"https:\/\/misswheelchairworld.org\/en\/author\/gosialis\/\"}]}<\/script>\n<!-- \/ Yoast SEO plugin. -->","yoast_head_json":{"title":"IV Europejski Parlament Os\u00f3b Niepe\u0142nosprawnych - Miss Wheelchair World","robots":{"index":"index","follow":"follow","max-snippet":"max-snippet:-1","max-image-preview":"max-image-preview:large","max-video-preview":"max-video-preview:-1"},"canonical":"https:\/\/misswheelchairworld.org\/en\/4th-ep-of-persons-with-disabilities\/","og_locale":"en_GB","og_type":"article","og_title":"IV Europejski Parlament Os\u00f3b Niepe\u0142nosprawnych - Miss Wheelchair World","og_description":"IV Europejski Parlament Os\u00f3b Niepe\u0142nosprawnych Ju\u017c 6 grudnia w Brukseli odb\u0119dzie si\u0119 IV Europejski Parlament Os\u00f3b Niepe\u0142nosprawnych, kt\u00f3rego celem jest wypracowanie rekomendacji dla PE w kwestii praw os\u00f3b z niepe\u0142nosprawno\u015bci\u0105. Wezm\u0105 w nim udzia\u0142 przedstawiciele wszystkich pa\u0144stw cz\u0142onkowskich UE. Polska b\u0119dzie najliczniejsz\u0105 grup\u0105 podczas tego wydarzenia, a w\u015br\u00f3d przedstawicieli naszego kraju znajdzie si\u0119 r\u00f3wnie\u017c Fundacja...","og_url":"https:\/\/misswheelchairworld.org\/en\/4th-ep-of-persons-with-disabilities\/","og_site_name":"Miss Wheelchair World","article_publisher":"https:\/\/www.facebook.com\/MissWheelchairWorld","article_published_time":"2017-11-30T14:54:00+00:00","article_modified_time":"2023-11-02T13:54:31+00:00","og_image":[{"width":280,"height":222,"url":"https:\/\/misswheelchairworld.org\/wp-content\/uploads\/2022\/10\/24059005_1634927643197156_3522942821734275833_n-kopia_min.png","type":"image\/png"}],"author":"gosialis","twitter_card":"summary_large_image","twitter_creator":"@Jedyna__Taka","twitter_site":"@Jedyna__Taka","twitter_misc":{"Written by":"gosialis","Estimated reading time":"5 minutes"},"schema":{"@context":"https:\/\/schema.org","@graph":[{"@type":"Article","@id":"https:\/\/misswheelchairworld.org\/4th-ep-of-persons-with-disabilities\/#article","isPartOf":{"@id":"https:\/\/misswheelchairworld.org\/4th-ep-of-persons-with-disabilities\/"},"author":{"name":"gosialis","@id":"https:\/\/misswheelchairworld.org\/#\/schema\/person\/3418b832d7090b25a61cdfbdd6e1005b"},"headline":"IV Europejski Parlament Os\u00f3b Niepe\u0142nosprawnych","datePublished":"2017-11-30T14:54:00+00:00","dateModified":"2023-11-02T13:54:31+00:00","mainEntityOfPage":{"@id":"https:\/\/misswheelchairworld.org\/4th-ep-of-persons-with-disabilities\/"},"wordCount":745,"publisher":{"@id":"https:\/\/misswheelchairworld.org\/#organization"},"image":{"@id":"https:\/\/misswheelchairworld.org\/4th-ep-of-persons-with-disabilities\/#primaryimage"},"thumbnailUrl":"https:\/\/misswheelchairworld.org\/wp-content\/uploads\/2022\/10\/24059005_1634927643197156_3522942821734275833_n-kopia_min.png","articleSection":["Uncategorized"],"inLanguage":"en-GB"},{"@type":"WebPage","@id":"https:\/\/misswheelchairworld.org\/4th-ep-of-persons-with-disabilities\/","url":"https:\/\/misswheelchairworld.org\/4th-ep-of-persons-with-disabilities\/","name":"IV Europejski Parlament Os\u00f3b Niepe\u0142nosprawnych - Miss Wheelchair World","isPartOf":{"@id":"https:\/\/misswheelchairworld.org\/#website"},"primaryImageOfPage":{"@id":"https:\/\/misswheelchairworld.org\/4th-ep-of-persons-with-disabilities\/#primaryimage"},"image":{"@id":"https:\/\/misswheelchairworld.org\/4th-ep-of-persons-with-disabilities\/#primaryimage"},"thumbnailUrl":"https:\/\/misswheelchairworld.org\/wp-content\/uploads\/2022\/10\/24059005_1634927643197156_3522942821734275833_n-kopia_min.png","datePublished":"2017-11-30T14:54:00+00:00","dateModified":"2023-11-02T13:54:31+00:00","breadcrumb":{"@id":"https:\/\/misswheelchairworld.org\/4th-ep-of-persons-with-disabilities\/#breadcrumb"},"inLanguage":"en-GB","potentialAction":[{"@type":"ReadAction","target":["https:\/\/misswheelchairworld.org\/4th-ep-of-persons-with-disabilities\/"]}]},{"@type":"ImageObject","inLanguage":"en-GB","@id":"https:\/\/misswheelchairworld.org\/4th-ep-of-persons-with-disabilities\/#primaryimage","url":"https:\/\/misswheelchairworld.org\/wp-content\/uploads\/2022\/10\/24059005_1634927643197156_3522942821734275833_n-kopia_min.png","contentUrl":"https:\/\/misswheelchairworld.org\/wp-content\/uploads\/2022\/10\/24059005_1634927643197156_3522942821734275833_n-kopia_min.png","width":280,"height":222},{"@type":"BreadcrumbList","@id":"https:\/\/misswheelchairworld.org\/4th-ep-of-persons-with-disabilities\/#breadcrumb","itemListElement":[{"@type":"ListItem","position":1,"name":"Home","item":"https:\/\/misswheelchairworld.org\/"},{"@type":"ListItem","position":2,"name":"IV Europejski Parlament Os\u00f3b Niepe\u0142nosprawnych"}]},{"@type":"WebSite","@id":"https:\/\/misswheelchairworld.org\/#website","url":"https:\/\/misswheelchairworld.org\/","name":"Miss Wheelchair World","description":"Miss Wheelchair World","publisher":{"@id":"https:\/\/misswheelchairworld.org\/#organization"},"potentialAction":[{"@type":"SearchAction","target":{"@type":"EntryPoint","urlTemplate":"https:\/\/misswheelchairworld.org\/?s={search_term_string}"},"query-input":{"@type":"PropertyValueSpecification","valueRequired":true,"valueName":"search_term_string"}}],"inLanguage":"en-GB"},{"@type":"Organization","@id":"https:\/\/misswheelchairworld.org\/#organization","name":"Miss Wheelchair World","url":"https:\/\/misswheelchairworld.org\/","logo":{"@type":"ImageObject","inLanguage":"en-GB","@id":"https:\/\/misswheelchairworld.org\/#\/schema\/logo\/image\/","url":"https:\/\/misswheelchairworld.org\/wp-content\/uploads\/2022\/10\/Kopia-logoMWW-angielskie-czyste.png","contentUrl":"https:\/\/misswheelchairworld.org\/wp-content\/uploads\/2022\/10\/Kopia-logoMWW-angielskie-czyste.png","width":4871,"height":1852,"caption":"Miss Wheelchair World"},"image":{"@id":"https:\/\/misswheelchairworld.org\/#\/schema\/logo\/image\/"},"sameAs":["https:\/\/www.facebook.com\/MissWheelchairWorld","https:\/\/x.com\/Jedyna__Taka","https:\/\/www.instagram.com\/misswheelchairworld\/","https:\/\/www.youtube.com\/channel\/UCVaiD9tQULYwtIwQFAyk7zw"]},{"@type":"Person","@id":"https:\/\/misswheelchairworld.org\/#\/schema\/person\/3418b832d7090b25a61cdfbdd6e1005b","name":"gosialis","image":{"@type":"ImageObject","inLanguage":"en-GB","@id":"https:\/\/misswheelchairworld.org\/#\/schema\/person\/image\/","url":"https:\/\/secure.gravatar.com\/avatar\/d32e771e2d111cd51fb159185c23dbcf7416c3fc2cc9aec03b6a21c1e744a7ca?s=96&d=mm&r=g","contentUrl":"https:\/\/secure.gravatar.com\/avatar\/d32e771e2d111cd51fb159185c23dbcf7416c3fc2cc9aec03b6a21c1e744a7ca?s=96&d=mm&r=g","caption":"gosialis"},"sameAs":["https:\/\/misswheelchairworld.org"],"url":"https:\/\/misswheelchairworld.org\/en\/author\/gosialis\/"}]}},"_links":{"self":[{"href":"https:\/\/misswheelchairworld.org\/en\/wp-json\/wp\/v2\/posts\/1650","targetHints":{"allow":["GET"]}}],"collection":[{"href":"https:\/\/misswheelchairworld.org\/en\/wp-json\/wp\/v2\/posts"}],"about":[{"href":"https:\/\/misswheelchairworld.org\/en\/wp-json\/wp\/v2\/types\/post"}],"author":[{"embeddable":true,"href":"https:\/\/misswheelchairworld.org\/en\/wp-json\/wp\/v2\/users\/1"}],"replies":[{"embeddable":true,"href":"https:\/\/misswheelchairworld.org\/en\/wp-json\/wp\/v2\/comments?post=1650"}],"version-history":[{"count":4,"href":"https:\/\/misswheelchairworld.org\/en\/wp-json\/wp\/v2\/posts\/1650\/revisions"}],"predecessor-version":[{"id":5414,"href":"https:\/\/misswheelchairworld.org\/en\/wp-json\/wp\/v2\/posts\/1650\/revisions\/5414"}],"wp:featuredmedia":[{"embeddable":true,"href":"https:\/\/misswheelchairworld.org\/en\/wp-json\/wp\/v2\/media\/1651"}],"wp:attachment":[{"href":"https:\/\/misswheelchairworld.org\/en\/wp-json\/wp\/v2\/media?parent=1650"}],"wp:term":[{"taxonomy":"category","embeddable":true,"href":"https:\/\/misswheelchairworld.org\/en\/wp-json\/wp\/v2\/categories?post=1650"},{"taxonomy":"post_tag","embeddable":true,"href":"https:\/\/misswheelchairworld.org\/en\/wp-json\/wp\/v2\/tags?post=1650"}],"curies":[{"name":"wp","href":"https:\/\/api.w.org\/{rel}","templated":true}]}}