{"id":2270,"date":"2017-08-22T22:43:43","date_gmt":"2017-08-22T22:43:43","guid":{"rendered":"https:\/\/misswheelchairworld.org\/?p=2270"},"modified":"2023-11-02T15:16:56","modified_gmt":"2023-11-02T14:16:56","slug":"finalistki-miss-swata-na-wozku-wybrane","status":"publish","type":"post","link":"https:\/\/misswheelchairworld.org\/en\/finalistki-miss-swata-na-wozku-wybrane\/","title":{"rendered":"Miss Wheelchair World finalists selected"},"content":{"rendered":"<style>.kb-row-layout-id2270_63fcd2-6d > .kt-row-column-wrap{align-content:start;}:where(.kb-row-layout-id2270_63fcd2-6d > .kt-row-column-wrap) > .wp-block-kadence-column{justify-content:start;}.kb-row-layout-id2270_63fcd2-6d > .kt-row-column-wrap{column-gap:var(--global-kb-gap-md, 2rem);row-gap:var(--global-kb-gap-md, 2rem);max-width:1060px;margin-left:auto;margin-right:auto;padding-top:50px;padding-bottom:25px;grid-template-columns:repeat(2, minmax(0, 1fr));}.kb-row-layout-id2270_63fcd2-6d > .kt-row-layout-overlay{opacity:0.30;}@media all and (max-width: 1024px){.kb-row-layout-id2270_63fcd2-6d > .kt-row-column-wrap{grid-template-columns:repeat(2, minmax(0, 1fr));}}@media all and (max-width: 767px){.kb-row-layout-id2270_63fcd2-6d > .kt-row-column-wrap{grid-template-columns:minmax(0, 1fr);}}<\/style><div class=\"kb-row-layout-wrap kb-row-layout-id2270_63fcd2-6d alignnone wp-block-kadence-rowlayout\"><div class=\"kt-row-column-wrap kt-has-2-columns kt-row-layout-equal kt-tab-layout-inherit kt-mobile-layout-row kt-row-valign-top\">\n<style>.kadence-column2270_c26c6f-e1 > .kt-inside-inner-col,.kadence-column2270_c26c6f-e1 > .kt-inside-inner-col:before{border-top-left-radius:0px;border-top-right-radius:0px;border-bottom-right-radius:0px;border-bottom-left-radius:0px;}.kadence-column2270_c26c6f-e1 > .kt-inside-inner-col{column-gap:var(--global-kb-gap-sm, 1rem);}.kadence-column2270_c26c6f-e1 > .kt-inside-inner-col{flex-direction:column;}.kadence-column2270_c26c6f-e1 > .kt-inside-inner-col > .aligncenter{width:100%;}.kadence-column2270_c26c6f-e1 > .kt-inside-inner-col:before{opacity:0.3;}.kadence-column2270_c26c6f-e1{position:relative;}@media all and (max-width: 1024px){.kadence-column2270_c26c6f-e1 > .kt-inside-inner-col{flex-direction:column;justify-content:center;}}@media all and (max-width: 767px){.kadence-column2270_c26c6f-e1 > .kt-inside-inner-col{flex-direction:column;justify-content:center;}}<\/style>\n<div class=\"wp-block-kadence-column kadence-column2270_c26c6f-e1 inner-column-1\"><div class=\"kt-inside-inner-col\"><div class=\"wp-block-image\">\n<figure class=\"aligncenter size-full\"><img loading=\"lazy\" decoding=\"async\" width=\"280\" height=\"280\" src=\"https:\/\/misswheelchairworld.org\/wp-content\/uploads\/2022\/10\/misspopul_min.jpg\" alt=\"\" class=\"wp-image-2260\" srcset=\"https:\/\/misswheelchairworld.org\/wp-content\/uploads\/2022\/10\/misspopul_min.jpg 280w, https:\/\/misswheelchairworld.org\/wp-content\/uploads\/2022\/10\/misspopul_min-150x150.jpg 150w, https:\/\/misswheelchairworld.org\/wp-content\/uploads\/2022\/10\/misspopul_min-12x12.jpg 12w\" sizes=\"auto, (max-width: 280px) 100vw, 280px\" \/><\/figure><\/div><\/div><\/div>\n\n\n<style>.kadence-column2270_93aff7-09 > .kt-inside-inner-col,.kadence-column2270_93aff7-09 > .kt-inside-inner-col:before{border-top-left-radius:0px;border-top-right-radius:0px;border-bottom-right-radius:0px;border-bottom-left-radius:0px;}.kadence-column2270_93aff7-09 > .kt-inside-inner-col{column-gap:var(--global-kb-gap-sm, 1rem);}.kadence-column2270_93aff7-09 > .kt-inside-inner-col{flex-direction:column;}.kadence-column2270_93aff7-09 > .kt-inside-inner-col > .aligncenter{width:100%;}.kadence-column2270_93aff7-09 > .kt-inside-inner-col:before{opacity:0.3;}.kadence-column2270_93aff7-09{position:relative;}@media all and (max-width: 1024px){.kadence-column2270_93aff7-09 > .kt-inside-inner-col{flex-direction:column;justify-content:center;}}@media all and (max-width: 767px){.kadence-column2270_93aff7-09 > .kt-inside-inner-col{flex-direction:column;justify-content:center;}}<\/style>\n<div class=\"wp-block-kadence-column kadence-column2270_93aff7-09 inner-column-2\"><div class=\"kt-inside-inner-col\"><style>.wp-block-kadence-advancedheading.kt-adv-heading2270_971eec-62, .wp-block-kadence-advancedheading.kt-adv-heading2270_971eec-62[data-kb-block=\"kb-adv-heading2270_971eec-62\"]{font-style:normal;}.wp-block-kadence-advancedheading.kt-adv-heading2270_971eec-62 mark.kt-highlight, .wp-block-kadence-advancedheading.kt-adv-heading2270_971eec-62[data-kb-block=\"kb-adv-heading2270_971eec-62\"] mark.kt-highlight{font-style:normal;color:#f76a0c;-webkit-box-decoration-break:clone;box-decoration-break:clone;padding-top:0px;padding-right:0px;padding-bottom:0px;padding-left:0px;}<\/style>\n<h3 class=\"kt-adv-heading2270_971eec-62 wp-block-kadence-advancedheading\" data-kb-block=\"kb-adv-heading2270_971eec-62\">Finalistki Miss \u015awiata na W\u00f3zku wybrane!<\/h3>\n\n\n\n<p>On 20th of August recrutation proceedings for Miss Wheelchair World has ended. Women, who are on a daily basis moving under wheelchairs, had 3 months to apply for this unique, first in history, beauty pageant. According to regulations maximally 25 contestants could enter the finals. Countries that organise their own regional contest were allowed to register two representatives, whereas those that don't also have no more than two, although one organisation that works toward disabled people could sign up one contestant.<\/p>\n<\/div><\/div>\n\n<\/div><\/div>\n\n<style>.wp-block-kadence-advancedheading.kt-adv-heading2270_e6ee16-e5, .wp-block-kadence-advancedheading.kt-adv-heading2270_e6ee16-e5[data-kb-block=\"kb-adv-heading2270_e6ee16-e5\"]{font-style:normal;}.wp-block-kadence-advancedheading.kt-adv-heading2270_e6ee16-e5 mark.kt-highlight, .wp-block-kadence-advancedheading.kt-adv-heading2270_e6ee16-e5[data-kb-block=\"kb-adv-heading2270_e6ee16-e5\"] mark.kt-highlight{font-style:normal;color:#f76a0c;-webkit-box-decoration-break:clone;box-decoration-break:clone;padding-top:0px;padding-right:0px;padding-bottom:0px;padding-left:0px;}<\/style>\n<p class=\"kt-adv-heading2270_e6ee16-e5 wp-block-kadence-advancedheading\" data-kb-block=\"kb-adv-heading2270_e6ee16-e5\">After thorough consideration of all applications, organiser of the Miss Wheelchair World <a href=\"http:\/\/jedyna-taka.pl\/\">The Only One Foundation<\/a> - The Only One Foundation together with city government of Warsaw - <a href=\"http:\/\/www.um.warszawa.pl\/\">Miastem Sto\u0142ecznym Warszawa<\/a> is pleased to announce the list of finalists:<\/p>\n\n\n\n<ol class=\"wp-block-list\">\n<li>Angola \u2013 Victoria Jos\u00e9<\/li>\n\n\n\n<li>Belarus - Aleksandra Chichikova<\/li>\n\n\n\n<li>Brazil \u2013 Carla Maia&nbsp;<\/li>\n\n\n\n<li>Canada \u2013 Vahen King<\/li>\n\n\n\n<li>Chile \u2013 Mar\u00eda D\u00edaz<\/li>\n\n\n\n<li>Chile \u2013 Paula Miranda<\/li>\n\n\n\n<li>Finland \u2013 Kati van der Hoeven<\/li>\n\n\n\n<li>France \u2013 Sandrine Ciron<\/li>\n\n\n\n<li>France \u2013 Nadjet Meskine<\/li>\n\n\n\n<li>Guatemala \u2013 Pahola Solano<\/li>\n\n\n\n<li>India \u2013 Priya Bhargava<\/li>\n\n\n\n<li>India \u2013 Rajalakshmi Shankar<\/li>\n\n\n\n<li>Italy \u2013 Laura Miola<\/li>\n\n\n\n<li>Mexico \u2013 Karen Rocha<\/li>\n\n\n\n<li>Moldova \u2013 Ludmila Iachim<\/li>\n\n\n\n<li>Netherlands \u2013 Mirande Bakker<\/li>\n\n\n\n<li>Poland \u2013 Beata Ja\u0142ocha<\/li>\n\n\n\n<li>Poland \u2013 Adrianna Zawadzi\u0144ska<\/li>\n\n\n\n<li>Russia \u2013 Alena Tiapkova<\/li>\n\n\n\n<li>South Africa \u2013 Lebohang Monyatsi<\/li>\n\n\n\n<li>Ukraine \u2013 Oksana Kononets<\/li>\n\n\n\n<li>Ukraine \u2013 Uliana Pcholkina<\/li>\n\n\n\n<li>USA \u2013 Jennifer Lynn Adams<\/li>\n\n\n\n<li>Belarus\u2013 Angelina Waleskaya<\/li>\n<\/ol>\n\n\n<style>.wp-block-kadence-advancedheading.kt-adv-heading2270_508557-70, .wp-block-kadence-advancedheading.kt-adv-heading2270_508557-70[data-kb-block=\"kb-adv-heading2270_508557-70\"]{margin-top:-25px;font-style:normal;}.wp-block-kadence-advancedheading.kt-adv-heading2270_508557-70 mark.kt-highlight, .wp-block-kadence-advancedheading.kt-adv-heading2270_508557-70[data-kb-block=\"kb-adv-heading2270_508557-70\"] mark.kt-highlight{font-style:normal;color:#f76a0c;-webkit-box-decoration-break:clone;box-decoration-break:clone;padding-top:0px;padding-right:0px;padding-bottom:0px;padding-left:0px;}<\/style>\n<p class=\"kt-adv-heading2270_508557-70 wp-block-kadence-advancedheading\" data-kb-block=\"kb-adv-heading2270_508557-70\">Decisively, twenty-four finalists were chosen by the jury composed of:<\/p>\n\n\n<style>.wp-block-kadence-advancedheading.kt-adv-heading2270_230002-ab, .wp-block-kadence-advancedheading.kt-adv-heading2270_230002-ab[data-kb-block=\"kb-adv-heading2270_230002-ab\"]{margin-top:-25px;font-style:normal;}.wp-block-kadence-advancedheading.kt-adv-heading2270_230002-ab mark.kt-highlight, .wp-block-kadence-advancedheading.kt-adv-heading2270_230002-ab[data-kb-block=\"kb-adv-heading2270_230002-ab\"] mark.kt-highlight{font-style:normal;color:#f76a0c;-webkit-box-decoration-break:clone;box-decoration-break:clone;padding-top:0px;padding-right:0px;padding-bottom:0px;padding-left:0px;}<\/style>\n<p class=\"kt-adv-heading2270_230002-ab wp-block-kadence-advancedheading\" data-kb-block=\"kb-adv-heading2270_230002-ab\">Katarzyna Wojtaszek \u2013 The Only One Foundation, Andrzej Golimont \u2013 The Capital City of Warsaw, Julita Kuczkowska \u2013 The Only One Foundation, Karolina Malczyk \u2013 The Capital City of Warsaw, Micha\u0142 Mazur \u2013 The Capital City of Warsaw, Rafa\u0142 Michalczyk \u2013 The Only One Foundation, Edyta T\u0119cza \u2013 Sto\u0142eczna Estrada, Anna Wojtkowiak \u2013 Sto\u0142eczna Estrada.&nbsp;<\/p>\n\n\n<style>.wp-block-kadence-advancedheading.kt-adv-heading2270_f5e8ab-bb, .wp-block-kadence-advancedheading.kt-adv-heading2270_f5e8ab-bb[data-kb-block=\"kb-adv-heading2270_f5e8ab-bb\"]{margin-top:-25px;margin-bottom:150px;font-style:normal;}.wp-block-kadence-advancedheading.kt-adv-heading2270_f5e8ab-bb mark.kt-highlight, .wp-block-kadence-advancedheading.kt-adv-heading2270_f5e8ab-bb[data-kb-block=\"kb-adv-heading2270_f5e8ab-bb\"] mark.kt-highlight{font-style:normal;color:#f76a0c;-webkit-box-decoration-break:clone;box-decoration-break:clone;padding-top:0px;padding-right:0px;padding-bottom:0px;padding-left:0px;}<\/style>\n<p class=\"kt-adv-heading2270_f5e8ab-bb wp-block-kadence-advancedheading\" data-kb-block=\"kb-adv-heading2270_f5e8ab-bb\">Sincere congratulations to all finalists. We are waiting for you impatiently in Poland on the 29th of September - the first day of workshops that will prepare you for the Final Gala which will be held on the 7th of October in Ursyn\u00f3w Arena in Warsaw.<\/p>","protected":false},"excerpt":{"rendered":"<p>Finalistki Miss \u015awiata na W\u00f3zku wybrane! 20 sierpnia zako\u0144czy\u0142a si\u0119 rekrutacja do konkursu Miss Wheelchair World. Kobiety z ca\u0142ego \u015bwiata poruszaj\u0105ce si\u0119 na co dzie\u0144 za pomoc\u0105 w\u00f3zka inwalidzkiego mia\u0142y 3 miesi\u0105ce na zg\u0142oszenie si\u0119 do pierwszego takiego konkursu na \u015bwiecie. Zgodnie w regulaminem do Fina\u0142u mog\u0142o wej\u015b\u0107 maksymalnie 25 kandydatek. Kraje, w kt\u00f3rych organizowane&#8230;<\/p>","protected":false},"author":1,"featured_media":2260,"comment_status":"closed","ping_status":"open","sticky":false,"template":"","format":"standard","meta":{"_kad_post_transparent":"","_kad_post_title":"hide","_kad_post_layout":"normal","_kad_post_sidebar_id":"","_kad_post_content_style":"unboxed","_kad_post_vertical_padding":"hide","_kad_post_feature":"","_kad_post_feature_position":"","_kad_post_header":false,"_kad_post_footer":false,"_kad_post_classname":"","footnotes":""},"categories":[1],"tags":[],"class_list":["post-2270","post","type-post","status-publish","format-standard","has-post-thumbnail","hentry","category-uncategorized"],"yoast_head":"<!-- This site is optimized with the Yoast SEO plugin v26.3 - https:\/\/yoast.com\/wordpress\/plugins\/seo\/ -->\n<title>Finalistki Miss \u015awata na w\u00f3zku wybrane - Miss Wheelchair World<\/title>\n<meta name=\"robots\" content=\"index, follow, max-snippet:-1, max-image-preview:large, max-video-preview:-1\" \/>\n<link rel=\"canonical\" href=\"https:\/\/misswheelchairworld.org\/en\/finalistki-miss-swata-na-wozku-wybrane\/\" \/>\n<meta property=\"og:locale\" content=\"en_GB\" \/>\n<meta property=\"og:type\" content=\"article\" \/>\n<meta property=\"og:title\" content=\"Finalistki Miss \u015awata na w\u00f3zku wybrane - Miss Wheelchair World\" \/>\n<meta property=\"og:description\" content=\"Finalistki Miss \u015awiata na W\u00f3zku wybrane! 20 sierpnia zako\u0144czy\u0142a si\u0119 rekrutacja do konkursu Miss Wheelchair World. Kobiety z ca\u0142ego \u015bwiata poruszaj\u0105ce si\u0119 na co dzie\u0144 za pomoc\u0105 w\u00f3zka inwalidzkiego mia\u0142y 3 miesi\u0105ce na zg\u0142oszenie si\u0119 do pierwszego takiego konkursu na \u015bwiecie. Zgodnie w regulaminem do Fina\u0142u mog\u0142o wej\u015b\u0107 maksymalnie 25 kandydatek. Kraje, w kt\u00f3rych organizowane...\" \/>\n<meta property=\"og:url\" content=\"https:\/\/misswheelchairworld.org\/en\/finalistki-miss-swata-na-wozku-wybrane\/\" \/>\n<meta property=\"og:site_name\" content=\"Miss Wheelchair World\" \/>\n<meta property=\"article:publisher\" content=\"https:\/\/www.facebook.com\/MissWheelchairWorld\" \/>\n<meta property=\"article:published_time\" content=\"2017-08-22T22:43:43+00:00\" \/>\n<meta property=\"article:modified_time\" content=\"2023-11-02T14:16:56+00:00\" \/>\n<meta property=\"og:image\" content=\"https:\/\/misswheelchairworld.org\/wp-content\/uploads\/2022\/10\/misspopul_min.jpg\" \/>\n\t<meta property=\"og:image:width\" content=\"280\" \/>\n\t<meta property=\"og:image:height\" content=\"280\" \/>\n\t<meta property=\"og:image:type\" content=\"image\/jpeg\" \/>\n<meta name=\"author\" content=\"gosialis\" \/>\n<meta name=\"twitter:card\" content=\"summary_large_image\" \/>\n<meta name=\"twitter:creator\" content=\"@Jedyna__Taka\" \/>\n<meta name=\"twitter:site\" content=\"@Jedyna__Taka\" \/>\n<meta name=\"twitter:label1\" content=\"Written by\" \/>\n\t<meta name=\"twitter:data1\" content=\"gosialis\" \/>\n<script type=\"application\/ld+json\" class=\"yoast-schema-graph\">{\"@context\":\"https:\/\/schema.org\",\"@graph\":[{\"@type\":\"Article\",\"@id\":\"https:\/\/misswheelchairworld.org\/finalistki-miss-swata-na-wozku-wybrane\/#article\",\"isPartOf\":{\"@id\":\"https:\/\/misswheelchairworld.org\/finalistki-miss-swata-na-wozku-wybrane\/\"},\"author\":{\"name\":\"gosialis\",\"@id\":\"https:\/\/misswheelchairworld.org\/#\/schema\/person\/3418b832d7090b25a61cdfbdd6e1005b\"},\"headline\":\"Finalistki Miss \u015awata na w\u00f3zku wybrane\",\"datePublished\":\"2017-08-22T22:43:43+00:00\",\"dateModified\":\"2023-11-02T14:16:56+00:00\",\"mainEntityOfPage\":{\"@id\":\"https:\/\/misswheelchairworld.org\/finalistki-miss-swata-na-wozku-wybrane\/\"},\"wordCount\":346,\"publisher\":{\"@id\":\"https:\/\/misswheelchairworld.org\/#organization\"},\"image\":{\"@id\":\"https:\/\/misswheelchairworld.org\/finalistki-miss-swata-na-wozku-wybrane\/#primaryimage\"},\"thumbnailUrl\":\"https:\/\/misswheelchairworld.org\/wp-content\/uploads\/2022\/10\/misspopul_min.jpg\",\"articleSection\":[\"Uncategorized\"],\"inLanguage\":\"en-GB\"},{\"@type\":\"WebPage\",\"@id\":\"https:\/\/misswheelchairworld.org\/finalistki-miss-swata-na-wozku-wybrane\/\",\"url\":\"https:\/\/misswheelchairworld.org\/finalistki-miss-swata-na-wozku-wybrane\/\",\"name\":\"Finalistki Miss \u015awata na w\u00f3zku wybrane - Miss Wheelchair World\",\"isPartOf\":{\"@id\":\"https:\/\/misswheelchairworld.org\/#website\"},\"primaryImageOfPage\":{\"@id\":\"https:\/\/misswheelchairworld.org\/finalistki-miss-swata-na-wozku-wybrane\/#primaryimage\"},\"image\":{\"@id\":\"https:\/\/misswheelchairworld.org\/finalistki-miss-swata-na-wozku-wybrane\/#primaryimage\"},\"thumbnailUrl\":\"https:\/\/misswheelchairworld.org\/wp-content\/uploads\/2022\/10\/misspopul_min.jpg\",\"datePublished\":\"2017-08-22T22:43:43+00:00\",\"dateModified\":\"2023-11-02T14:16:56+00:00\",\"breadcrumb\":{\"@id\":\"https:\/\/misswheelchairworld.org\/finalistki-miss-swata-na-wozku-wybrane\/#breadcrumb\"},\"inLanguage\":\"en-GB\",\"potentialAction\":[{\"@type\":\"ReadAction\",\"target\":[\"https:\/\/misswheelchairworld.org\/finalistki-miss-swata-na-wozku-wybrane\/\"]}]},{\"@type\":\"ImageObject\",\"inLanguage\":\"en-GB\",\"@id\":\"https:\/\/misswheelchairworld.org\/finalistki-miss-swata-na-wozku-wybrane\/#primaryimage\",\"url\":\"https:\/\/misswheelchairworld.org\/wp-content\/uploads\/2022\/10\/misspopul_min.jpg\",\"contentUrl\":\"https:\/\/misswheelchairworld.org\/wp-content\/uploads\/2022\/10\/misspopul_min.jpg\",\"width\":280,\"height\":280},{\"@type\":\"BreadcrumbList\",\"@id\":\"https:\/\/misswheelchairworld.org\/finalistki-miss-swata-na-wozku-wybrane\/#breadcrumb\",\"itemListElement\":[{\"@type\":\"ListItem\",\"position\":1,\"name\":\"Home\",\"item\":\"https:\/\/misswheelchairworld.org\/\"},{\"@type\":\"ListItem\",\"position\":2,\"name\":\"Finalistki Miss \u015awata na w\u00f3zku wybrane\"}]},{\"@type\":\"WebSite\",\"@id\":\"https:\/\/misswheelchairworld.org\/#website\",\"url\":\"https:\/\/misswheelchairworld.org\/\",\"name\":\"Miss Wheelchair World\",\"description\":\"Miss Wheelchair World\",\"publisher\":{\"@id\":\"https:\/\/misswheelchairworld.org\/#organization\"},\"potentialAction\":[{\"@type\":\"SearchAction\",\"target\":{\"@type\":\"EntryPoint\",\"urlTemplate\":\"https:\/\/misswheelchairworld.org\/?s={search_term_string}\"},\"query-input\":{\"@type\":\"PropertyValueSpecification\",\"valueRequired\":true,\"valueName\":\"search_term_string\"}}],\"inLanguage\":\"en-GB\"},{\"@type\":\"Organization\",\"@id\":\"https:\/\/misswheelchairworld.org\/#organization\",\"name\":\"Miss Wheelchair World\",\"url\":\"https:\/\/misswheelchairworld.org\/\",\"logo\":{\"@type\":\"ImageObject\",\"inLanguage\":\"en-GB\",\"@id\":\"https:\/\/misswheelchairworld.org\/#\/schema\/logo\/image\/\",\"url\":\"https:\/\/misswheelchairworld.org\/wp-content\/uploads\/2022\/10\/Kopia-logoMWW-angielskie-czyste.png\",\"contentUrl\":\"https:\/\/misswheelchairworld.org\/wp-content\/uploads\/2022\/10\/Kopia-logoMWW-angielskie-czyste.png\",\"width\":4871,\"height\":1852,\"caption\":\"Miss Wheelchair World\"},\"image\":{\"@id\":\"https:\/\/misswheelchairworld.org\/#\/schema\/logo\/image\/\"},\"sameAs\":[\"https:\/\/www.facebook.com\/MissWheelchairWorld\",\"https:\/\/x.com\/Jedyna__Taka\",\"https:\/\/www.instagram.com\/misswheelchairworld\/\",\"https:\/\/www.youtube.com\/channel\/UCVaiD9tQULYwtIwQFAyk7zw\"]},{\"@type\":\"Person\",\"@id\":\"https:\/\/misswheelchairworld.org\/#\/schema\/person\/3418b832d7090b25a61cdfbdd6e1005b\",\"name\":\"gosialis\",\"image\":{\"@type\":\"ImageObject\",\"inLanguage\":\"en-GB\",\"@id\":\"https:\/\/misswheelchairworld.org\/#\/schema\/person\/image\/\",\"url\":\"https:\/\/secure.gravatar.com\/avatar\/d32e771e2d111cd51fb159185c23dbcf7416c3fc2cc9aec03b6a21c1e744a7ca?s=96&d=mm&r=g\",\"contentUrl\":\"https:\/\/secure.gravatar.com\/avatar\/d32e771e2d111cd51fb159185c23dbcf7416c3fc2cc9aec03b6a21c1e744a7ca?s=96&d=mm&r=g\",\"caption\":\"gosialis\"},\"sameAs\":[\"https:\/\/misswheelchairworld.org\"],\"url\":\"https:\/\/misswheelchairworld.org\/en\/author\/gosialis\/\"}]}<\/script>\n<!-- \/ Yoast SEO plugin. -->","yoast_head_json":{"title":"Finalistki Miss \u015awata na w\u00f3zku wybrane - Miss Wheelchair World","robots":{"index":"index","follow":"follow","max-snippet":"max-snippet:-1","max-image-preview":"max-image-preview:large","max-video-preview":"max-video-preview:-1"},"canonical":"https:\/\/misswheelchairworld.org\/en\/finalistki-miss-swata-na-wozku-wybrane\/","og_locale":"en_GB","og_type":"article","og_title":"Finalistki Miss \u015awata na w\u00f3zku wybrane - Miss Wheelchair World","og_description":"Finalistki Miss \u015awiata na W\u00f3zku wybrane! 20 sierpnia zako\u0144czy\u0142a si\u0119 rekrutacja do konkursu Miss Wheelchair World. Kobiety z ca\u0142ego \u015bwiata poruszaj\u0105ce si\u0119 na co dzie\u0144 za pomoc\u0105 w\u00f3zka inwalidzkiego mia\u0142y 3 miesi\u0105ce na zg\u0142oszenie si\u0119 do pierwszego takiego konkursu na \u015bwiecie. Zgodnie w regulaminem do Fina\u0142u mog\u0142o wej\u015b\u0107 maksymalnie 25 kandydatek. Kraje, w kt\u00f3rych organizowane...","og_url":"https:\/\/misswheelchairworld.org\/en\/finalistki-miss-swata-na-wozku-wybrane\/","og_site_name":"Miss Wheelchair World","article_publisher":"https:\/\/www.facebook.com\/MissWheelchairWorld","article_published_time":"2017-08-22T22:43:43+00:00","article_modified_time":"2023-11-02T14:16:56+00:00","og_image":[{"width":280,"height":280,"url":"https:\/\/misswheelchairworld.org\/wp-content\/uploads\/2022\/10\/misspopul_min.jpg","type":"image\/jpeg"}],"author":"gosialis","twitter_card":"summary_large_image","twitter_creator":"@Jedyna__Taka","twitter_site":"@Jedyna__Taka","twitter_misc":{"Written by":"gosialis"},"schema":{"@context":"https:\/\/schema.org","@graph":[{"@type":"Article","@id":"https:\/\/misswheelchairworld.org\/finalistki-miss-swata-na-wozku-wybrane\/#article","isPartOf":{"@id":"https:\/\/misswheelchairworld.org\/finalistki-miss-swata-na-wozku-wybrane\/"},"author":{"name":"gosialis","@id":"https:\/\/misswheelchairworld.org\/#\/schema\/person\/3418b832d7090b25a61cdfbdd6e1005b"},"headline":"Finalistki Miss \u015awata na w\u00f3zku wybrane","datePublished":"2017-08-22T22:43:43+00:00","dateModified":"2023-11-02T14:16:56+00:00","mainEntityOfPage":{"@id":"https:\/\/misswheelchairworld.org\/finalistki-miss-swata-na-wozku-wybrane\/"},"wordCount":346,"publisher":{"@id":"https:\/\/misswheelchairworld.org\/#organization"},"image":{"@id":"https:\/\/misswheelchairworld.org\/finalistki-miss-swata-na-wozku-wybrane\/#primaryimage"},"thumbnailUrl":"https:\/\/misswheelchairworld.org\/wp-content\/uploads\/2022\/10\/misspopul_min.jpg","articleSection":["Uncategorized"],"inLanguage":"en-GB"},{"@type":"WebPage","@id":"https:\/\/misswheelchairworld.org\/finalistki-miss-swata-na-wozku-wybrane\/","url":"https:\/\/misswheelchairworld.org\/finalistki-miss-swata-na-wozku-wybrane\/","name":"Finalistki Miss \u015awata na w\u00f3zku wybrane - Miss Wheelchair World","isPartOf":{"@id":"https:\/\/misswheelchairworld.org\/#website"},"primaryImageOfPage":{"@id":"https:\/\/misswheelchairworld.org\/finalistki-miss-swata-na-wozku-wybrane\/#primaryimage"},"image":{"@id":"https:\/\/misswheelchairworld.org\/finalistki-miss-swata-na-wozku-wybrane\/#primaryimage"},"thumbnailUrl":"https:\/\/misswheelchairworld.org\/wp-content\/uploads\/2022\/10\/misspopul_min.jpg","datePublished":"2017-08-22T22:43:43+00:00","dateModified":"2023-11-02T14:16:56+00:00","breadcrumb":{"@id":"https:\/\/misswheelchairworld.org\/finalistki-miss-swata-na-wozku-wybrane\/#breadcrumb"},"inLanguage":"en-GB","potentialAction":[{"@type":"ReadAction","target":["https:\/\/misswheelchairworld.org\/finalistki-miss-swata-na-wozku-wybrane\/"]}]},{"@type":"ImageObject","inLanguage":"en-GB","@id":"https:\/\/misswheelchairworld.org\/finalistki-miss-swata-na-wozku-wybrane\/#primaryimage","url":"https:\/\/misswheelchairworld.org\/wp-content\/uploads\/2022\/10\/misspopul_min.jpg","contentUrl":"https:\/\/misswheelchairworld.org\/wp-content\/uploads\/2022\/10\/misspopul_min.jpg","width":280,"height":280},{"@type":"BreadcrumbList","@id":"https:\/\/misswheelchairworld.org\/finalistki-miss-swata-na-wozku-wybrane\/#breadcrumb","itemListElement":[{"@type":"ListItem","position":1,"name":"Home","item":"https:\/\/misswheelchairworld.org\/"},{"@type":"ListItem","position":2,"name":"Finalistki Miss \u015awata na w\u00f3zku wybrane"}]},{"@type":"WebSite","@id":"https:\/\/misswheelchairworld.org\/#website","url":"https:\/\/misswheelchairworld.org\/","name":"Miss Wheelchair World","description":"Miss Wheelchair World","publisher":{"@id":"https:\/\/misswheelchairworld.org\/#organization"},"potentialAction":[{"@type":"SearchAction","target":{"@type":"EntryPoint","urlTemplate":"https:\/\/misswheelchairworld.org\/?s={search_term_string}"},"query-input":{"@type":"PropertyValueSpecification","valueRequired":true,"valueName":"search_term_string"}}],"inLanguage":"en-GB"},{"@type":"Organization","@id":"https:\/\/misswheelchairworld.org\/#organization","name":"Miss Wheelchair World","url":"https:\/\/misswheelchairworld.org\/","logo":{"@type":"ImageObject","inLanguage":"en-GB","@id":"https:\/\/misswheelchairworld.org\/#\/schema\/logo\/image\/","url":"https:\/\/misswheelchairworld.org\/wp-content\/uploads\/2022\/10\/Kopia-logoMWW-angielskie-czyste.png","contentUrl":"https:\/\/misswheelchairworld.org\/wp-content\/uploads\/2022\/10\/Kopia-logoMWW-angielskie-czyste.png","width":4871,"height":1852,"caption":"Miss Wheelchair World"},"image":{"@id":"https:\/\/misswheelchairworld.org\/#\/schema\/logo\/image\/"},"sameAs":["https:\/\/www.facebook.com\/MissWheelchairWorld","https:\/\/x.com\/Jedyna__Taka","https:\/\/www.instagram.com\/misswheelchairworld\/","https:\/\/www.youtube.com\/channel\/UCVaiD9tQULYwtIwQFAyk7zw"]},{"@type":"Person","@id":"https:\/\/misswheelchairworld.org\/#\/schema\/person\/3418b832d7090b25a61cdfbdd6e1005b","name":"gosialis","image":{"@type":"ImageObject","inLanguage":"en-GB","@id":"https:\/\/misswheelchairworld.org\/#\/schema\/person\/image\/","url":"https:\/\/secure.gravatar.com\/avatar\/d32e771e2d111cd51fb159185c23dbcf7416c3fc2cc9aec03b6a21c1e744a7ca?s=96&d=mm&r=g","contentUrl":"https:\/\/secure.gravatar.com\/avatar\/d32e771e2d111cd51fb159185c23dbcf7416c3fc2cc9aec03b6a21c1e744a7ca?s=96&d=mm&r=g","caption":"gosialis"},"sameAs":["https:\/\/misswheelchairworld.org"],"url":"https:\/\/misswheelchairworld.org\/en\/author\/gosialis\/"}]}},"_links":{"self":[{"href":"https:\/\/misswheelchairworld.org\/en\/wp-json\/wp\/v2\/posts\/2270","targetHints":{"allow":["GET"]}}],"collection":[{"href":"https:\/\/misswheelchairworld.org\/en\/wp-json\/wp\/v2\/posts"}],"about":[{"href":"https:\/\/misswheelchairworld.org\/en\/wp-json\/wp\/v2\/types\/post"}],"author":[{"embeddable":true,"href":"https:\/\/misswheelchairworld.org\/en\/wp-json\/wp\/v2\/users\/1"}],"replies":[{"embeddable":true,"href":"https:\/\/misswheelchairworld.org\/en\/wp-json\/wp\/v2\/comments?post=2270"}],"version-history":[{"count":2,"href":"https:\/\/misswheelchairworld.org\/en\/wp-json\/wp\/v2\/posts\/2270\/revisions"}],"predecessor-version":[{"id":5427,"href":"https:\/\/misswheelchairworld.org\/en\/wp-json\/wp\/v2\/posts\/2270\/revisions\/5427"}],"wp:featuredmedia":[{"embeddable":true,"href":"https:\/\/misswheelchairworld.org\/en\/wp-json\/wp\/v2\/media\/2260"}],"wp:attachment":[{"href":"https:\/\/misswheelchairworld.org\/en\/wp-json\/wp\/v2\/media?parent=2270"}],"wp:term":[{"taxonomy":"category","embeddable":true,"href":"https:\/\/misswheelchairworld.org\/en\/wp-json\/wp\/v2\/categories?post=2270"},{"taxonomy":"post_tag","embeddable":true,"href":"https:\/\/misswheelchairworld.org\/en\/wp-json\/wp\/v2\/tags?post=2270"}],"curies":[{"name":"wp","href":"https:\/\/api.w.org\/{rel}","templated":true}]}}