{"id":2289,"date":"2017-07-13T23:13:31","date_gmt":"2017-07-13T23:13:31","guid":{"rendered":"https:\/\/misswheelchairworld.org\/?p=2289"},"modified":"2023-11-02T15:15:23","modified_gmt":"2023-11-02T14:15:23","slug":"rekrutacja-do-konkursu-mww-konczy-sie-20-sierpnia","status":"publish","type":"post","link":"https:\/\/misswheelchairworld.org\/en\/rekrutacja-do-konkursu-mww-konczy-sie-20-sierpnia\/","title":{"rendered":"Recruitment for the MWW ends on August 20th"},"content":{"rendered":"<style>.kb-row-layout-id2289_8dbc71-82 > .kt-row-column-wrap{align-content:start;}:where(.kb-row-layout-id2289_8dbc71-82 > .kt-row-column-wrap) > .wp-block-kadence-column{justify-content:start;}.kb-row-layout-id2289_8dbc71-82 > .kt-row-column-wrap{column-gap:var(--global-kb-gap-md, 2rem);row-gap:var(--global-kb-gap-md, 2rem);max-width:1050px;margin-left:auto;margin-right:auto;padding-top:50px;padding-bottom:25px;grid-template-columns:repeat(2, minmax(0, 1fr));}.kb-row-layout-id2289_8dbc71-82 > .kt-row-layout-overlay{opacity:0.30;}@media all and (max-width: 1024px){.kb-row-layout-id2289_8dbc71-82 > .kt-row-column-wrap{grid-template-columns:repeat(2, minmax(0, 1fr));}}@media all and (max-width: 767px){.kb-row-layout-id2289_8dbc71-82 > .kt-row-column-wrap{grid-template-columns:minmax(0, 1fr);}}<\/style><div class=\"kb-row-layout-wrap kb-row-layout-id2289_8dbc71-82 alignnone wp-block-kadence-rowlayout\"><div class=\"kt-row-column-wrap kt-has-2-columns kt-row-layout-equal kt-tab-layout-inherit kt-mobile-layout-row kt-row-valign-top\">\n<style>.kadence-column2289_db6d1c-3a > .kt-inside-inner-col,.kadence-column2289_db6d1c-3a > .kt-inside-inner-col:before{border-top-left-radius:0px;border-top-right-radius:0px;border-bottom-right-radius:0px;border-bottom-left-radius:0px;}.kadence-column2289_db6d1c-3a > .kt-inside-inner-col{column-gap:var(--global-kb-gap-sm, 1rem);}.kadence-column2289_db6d1c-3a > .kt-inside-inner-col{flex-direction:column;}.kadence-column2289_db6d1c-3a > .kt-inside-inner-col > .aligncenter{width:100%;}.kadence-column2289_db6d1c-3a > .kt-inside-inner-col:before{opacity:0.3;}.kadence-column2289_db6d1c-3a{position:relative;}@media all and (max-width: 1024px){.kadence-column2289_db6d1c-3a > .kt-inside-inner-col{flex-direction:column;justify-content:center;}}@media all and (max-width: 767px){.kadence-column2289_db6d1c-3a > .kt-inside-inner-col{flex-direction:column;justify-content:center;}}<\/style>\n<div class=\"wp-block-kadence-column kadence-column2289_db6d1c-3a inner-column-1\"><div class=\"kt-inside-inner-col\"><div class=\"wp-block-image\">\n<figure class=\"aligncenter size-full\"><img loading=\"lazy\" decoding=\"async\" width=\"280\" height=\"396\" src=\"https:\/\/misswheelchairworld.org\/wp-content\/uploads\/2022\/10\/zakonczenie-rekrutacji_min.png\" alt=\"\" class=\"wp-image-2290\" srcset=\"https:\/\/misswheelchairworld.org\/wp-content\/uploads\/2022\/10\/zakonczenie-rekrutacji_min.png 280w, https:\/\/misswheelchairworld.org\/wp-content\/uploads\/2022\/10\/zakonczenie-rekrutacji_min-212x300.png 212w, https:\/\/misswheelchairworld.org\/wp-content\/uploads\/2022\/10\/zakonczenie-rekrutacji_min-8x12.png 8w\" sizes=\"auto, (max-width: 280px) 100vw, 280px\" \/><\/figure><\/div><\/div><\/div>\n\n\n<style>.kadence-column2289_e8d1a0-58 > .kt-inside-inner-col,.kadence-column2289_e8d1a0-58 > .kt-inside-inner-col:before{border-top-left-radius:0px;border-top-right-radius:0px;border-bottom-right-radius:0px;border-bottom-left-radius:0px;}.kadence-column2289_e8d1a0-58 > .kt-inside-inner-col{column-gap:var(--global-kb-gap-sm, 1rem);}.kadence-column2289_e8d1a0-58 > .kt-inside-inner-col{flex-direction:column;}.kadence-column2289_e8d1a0-58 > .kt-inside-inner-col > .aligncenter{width:100%;}.kadence-column2289_e8d1a0-58 > .kt-inside-inner-col:before{opacity:0.3;}.kadence-column2289_e8d1a0-58{position:relative;}@media all and (max-width: 1024px){.kadence-column2289_e8d1a0-58 > .kt-inside-inner-col{flex-direction:column;justify-content:center;}}@media all and (max-width: 767px){.kadence-column2289_e8d1a0-58 > .kt-inside-inner-col{flex-direction:column;justify-content:center;}}<\/style>\n<div class=\"wp-block-kadence-column kadence-column2289_e8d1a0-58 inner-column-2\"><div class=\"kt-inside-inner-col\"><style>.wp-block-kadence-advancedheading.kt-adv-heading2289_d86409-ab, .wp-block-kadence-advancedheading.kt-adv-heading2289_d86409-ab[data-kb-block=\"kb-adv-heading2289_d86409-ab\"]{font-style:normal;}.wp-block-kadence-advancedheading.kt-adv-heading2289_d86409-ab mark.kt-highlight, .wp-block-kadence-advancedheading.kt-adv-heading2289_d86409-ab[data-kb-block=\"kb-adv-heading2289_d86409-ab\"] mark.kt-highlight{font-style:normal;color:#f76a0c;-webkit-box-decoration-break:clone;box-decoration-break:clone;padding-top:0px;padding-right:0px;padding-bottom:0px;padding-left:0px;}<\/style>\n<h3 class=\"kt-adv-heading2289_d86409-ab wp-block-kadence-advancedheading\" data-kb-block=\"kb-adv-heading2289_d86409-ab\">Recruitment for the MWW ends on August 20th<\/h3>\n\n\n\n<p>As an organizer of the first history of Miss Wheelchair World, we would like to remind you that the recruitment proceedings end on August 20th and at the same time to encourage you to send an application form. It would be a dream come true to greet many women from all over the world in Poland, so that they could present their beauty, charm and unique personality.<br>Regarding recruitment please contact us from Monday to Friday through email:&nbsp;<a href=\"mailto:contact@misswheelchairworld.org\">contact@misswheelchairworld.org<\/a>&nbsp;or through:&nbsp;&nbsp;<a href=\"https:\/\/www.facebook.com\/MissWheelchairWorld\/?ref=br_rs\" target=\"_blank\" rel=\"noreferrer noopener\">https:\/\/www.facebook.com\/MissWheelchairWorld\/?ref=br_rs<\/a>.<br>We will try to answer all your questions.<\/p>\n<\/div><\/div>\n\n<\/div><\/div>\n\n\n<p>Read the Regulation of the MWW 2017, fill in the recruitment forms, record a short video presentation and then report to the MWW 2017. <\/p>\n\n\n\n<p>All participants who have already sent a complete application form are asked to email answers to 5 out of 9 questions, so that they could be published on our website.<\/p>\n\n\n\n<ol class=\"wp-block-list\">\n<li>Why have You reported to the Miss Wheelchair World 2017?<\/li>\n\n\n\n<li>What makes You feel beautiful?<\/li>\n\n\n\n<li>Can the Miss Wheelchair World change something? What is your opinion?<\/li>\n\n\n\n<li>Taking part in the MWW 2017 is for me...<\/li>\n\n\n\n<li>One says that the limitations live only in our minds? Do You agree?<\/li>\n\n\n\n<li>What is your biggest dream?<\/li>\n\n\n\n<li>Your three strongest points?<\/li>\n\n\n\n<li>If You were to do sth for people with disabilities what would it be?<\/li>\n\n\n\n<li>How would You advise other wheelchair-bound women to report for the MWW<\/li>\n<\/ol>\n\n\n\n<div style=\"height:100px\" aria-hidden=\"true\" class=\"wp-block-spacer\"><\/div>","protected":false},"excerpt":{"rendered":"<p>Rekrutacja do konkursu MWW ko\u0144czy si\u0119 20 sierpnia Jako organizatorzy pierwszych w historii wybor\u00f3w Miss Wheelchair World chcieli\u015bmy przypomnie\u0107, \u017ce rekrutacja do konkursu ko\u0144czy si\u0119 20. sierpnia 2017 roku i jednocze\u015bnie zach\u0119ci\u0107 do udzia\u0142u w tym wydarzeniu i wys\u0142ania swojego zg\u0142oszenia. Pragniemy, aby Polsk\u0119 odwiedzi\u0142o jak najwi\u0119cej kobiet z ca\u0142ego \u015bwiata, kt\u00f3re b\u0119d\u0105 mog\u0142y w&#8230;<\/p>","protected":false},"author":1,"featured_media":2290,"comment_status":"closed","ping_status":"open","sticky":false,"template":"","format":"standard","meta":{"_kad_post_transparent":"","_kad_post_title":"hide","_kad_post_layout":"normal","_kad_post_sidebar_id":"","_kad_post_content_style":"unboxed","_kad_post_vertical_padding":"hide","_kad_post_feature":"","_kad_post_feature_position":"","_kad_post_header":false,"_kad_post_footer":false,"_kad_post_classname":"","footnotes":""},"categories":[1],"tags":[],"class_list":["post-2289","post","type-post","status-publish","format-standard","has-post-thumbnail","hentry","category-uncategorized"],"yoast_head":"<!-- This site is optimized with the Yoast SEO plugin v26.3 - https:\/\/yoast.com\/wordpress\/plugins\/seo\/ -->\n<title>Rekrutacja do konkursu MWW ko\u0144czy si\u0119 20 sierpnia - Miss Wheelchair World<\/title>\n<meta name=\"robots\" content=\"index, follow, max-snippet:-1, max-image-preview:large, max-video-preview:-1\" \/>\n<link rel=\"canonical\" href=\"https:\/\/misswheelchairworld.org\/en\/rekrutacja-do-konkursu-mww-konczy-sie-20-sierpnia\/\" \/>\n<meta property=\"og:locale\" content=\"en_GB\" \/>\n<meta property=\"og:type\" content=\"article\" \/>\n<meta property=\"og:title\" content=\"Rekrutacja do konkursu MWW ko\u0144czy si\u0119 20 sierpnia - Miss Wheelchair World\" \/>\n<meta property=\"og:description\" content=\"Rekrutacja do konkursu MWW ko\u0144czy si\u0119 20 sierpnia Jako organizatorzy pierwszych w historii wybor\u00f3w Miss Wheelchair World chcieli\u015bmy przypomnie\u0107, \u017ce rekrutacja do konkursu ko\u0144czy si\u0119 20. sierpnia 2017 roku i jednocze\u015bnie zach\u0119ci\u0107 do udzia\u0142u w tym wydarzeniu i wys\u0142ania swojego zg\u0142oszenia. Pragniemy, aby Polsk\u0119 odwiedzi\u0142o jak najwi\u0119cej kobiet z ca\u0142ego \u015bwiata, kt\u00f3re b\u0119d\u0105 mog\u0142y w...\" \/>\n<meta property=\"og:url\" content=\"https:\/\/misswheelchairworld.org\/en\/rekrutacja-do-konkursu-mww-konczy-sie-20-sierpnia\/\" \/>\n<meta property=\"og:site_name\" content=\"Miss Wheelchair World\" \/>\n<meta property=\"article:publisher\" content=\"https:\/\/www.facebook.com\/MissWheelchairWorld\" \/>\n<meta property=\"article:published_time\" content=\"2017-07-13T23:13:31+00:00\" \/>\n<meta property=\"article:modified_time\" content=\"2023-11-02T14:15:23+00:00\" \/>\n<meta property=\"og:image\" content=\"https:\/\/misswheelchairworld.org\/wp-content\/uploads\/2022\/10\/zakonczenie-rekrutacji_min.png\" \/>\n\t<meta property=\"og:image:width\" content=\"280\" \/>\n\t<meta property=\"og:image:height\" content=\"396\" \/>\n\t<meta property=\"og:image:type\" content=\"image\/png\" \/>\n<meta name=\"author\" content=\"gosialis\" \/>\n<meta name=\"twitter:card\" content=\"summary_large_image\" \/>\n<meta name=\"twitter:creator\" content=\"@Jedyna__Taka\" \/>\n<meta name=\"twitter:site\" content=\"@Jedyna__Taka\" \/>\n<meta name=\"twitter:label1\" content=\"Written by\" \/>\n\t<meta name=\"twitter:data1\" content=\"gosialis\" \/>\n\t<meta name=\"twitter:label2\" content=\"Estimated reading time\" \/>\n\t<meta name=\"twitter:data2\" content=\"2 minutes\" \/>\n<script type=\"application\/ld+json\" class=\"yoast-schema-graph\">{\"@context\":\"https:\/\/schema.org\",\"@graph\":[{\"@type\":\"Article\",\"@id\":\"https:\/\/misswheelchairworld.org\/rekrutacja-do-konkursu-mww-konczy-sie-20-sierpnia\/#article\",\"isPartOf\":{\"@id\":\"https:\/\/misswheelchairworld.org\/rekrutacja-do-konkursu-mww-konczy-sie-20-sierpnia\/\"},\"author\":{\"name\":\"gosialis\",\"@id\":\"https:\/\/misswheelchairworld.org\/#\/schema\/person\/3418b832d7090b25a61cdfbdd6e1005b\"},\"headline\":\"Rekrutacja do konkursu MWW ko\u0144czy si\u0119 20 sierpnia\",\"datePublished\":\"2017-07-13T23:13:31+00:00\",\"dateModified\":\"2023-11-02T14:15:23+00:00\",\"mainEntityOfPage\":{\"@id\":\"https:\/\/misswheelchairworld.org\/rekrutacja-do-konkursu-mww-konczy-sie-20-sierpnia\/\"},\"wordCount\":288,\"publisher\":{\"@id\":\"https:\/\/misswheelchairworld.org\/#organization\"},\"image\":{\"@id\":\"https:\/\/misswheelchairworld.org\/rekrutacja-do-konkursu-mww-konczy-sie-20-sierpnia\/#primaryimage\"},\"thumbnailUrl\":\"https:\/\/misswheelchairworld.org\/wp-content\/uploads\/2022\/10\/zakonczenie-rekrutacji_min.png\",\"articleSection\":[\"Uncategorized\"],\"inLanguage\":\"en-GB\"},{\"@type\":\"WebPage\",\"@id\":\"https:\/\/misswheelchairworld.org\/rekrutacja-do-konkursu-mww-konczy-sie-20-sierpnia\/\",\"url\":\"https:\/\/misswheelchairworld.org\/rekrutacja-do-konkursu-mww-konczy-sie-20-sierpnia\/\",\"name\":\"Rekrutacja do konkursu MWW ko\u0144czy si\u0119 20 sierpnia - Miss Wheelchair World\",\"isPartOf\":{\"@id\":\"https:\/\/misswheelchairworld.org\/#website\"},\"primaryImageOfPage\":{\"@id\":\"https:\/\/misswheelchairworld.org\/rekrutacja-do-konkursu-mww-konczy-sie-20-sierpnia\/#primaryimage\"},\"image\":{\"@id\":\"https:\/\/misswheelchairworld.org\/rekrutacja-do-konkursu-mww-konczy-sie-20-sierpnia\/#primaryimage\"},\"thumbnailUrl\":\"https:\/\/misswheelchairworld.org\/wp-content\/uploads\/2022\/10\/zakonczenie-rekrutacji_min.png\",\"datePublished\":\"2017-07-13T23:13:31+00:00\",\"dateModified\":\"2023-11-02T14:15:23+00:00\",\"breadcrumb\":{\"@id\":\"https:\/\/misswheelchairworld.org\/rekrutacja-do-konkursu-mww-konczy-sie-20-sierpnia\/#breadcrumb\"},\"inLanguage\":\"en-GB\",\"potentialAction\":[{\"@type\":\"ReadAction\",\"target\":[\"https:\/\/misswheelchairworld.org\/rekrutacja-do-konkursu-mww-konczy-sie-20-sierpnia\/\"]}]},{\"@type\":\"ImageObject\",\"inLanguage\":\"en-GB\",\"@id\":\"https:\/\/misswheelchairworld.org\/rekrutacja-do-konkursu-mww-konczy-sie-20-sierpnia\/#primaryimage\",\"url\":\"https:\/\/misswheelchairworld.org\/wp-content\/uploads\/2022\/10\/zakonczenie-rekrutacji_min.png\",\"contentUrl\":\"https:\/\/misswheelchairworld.org\/wp-content\/uploads\/2022\/10\/zakonczenie-rekrutacji_min.png\",\"width\":280,\"height\":396},{\"@type\":\"BreadcrumbList\",\"@id\":\"https:\/\/misswheelchairworld.org\/rekrutacja-do-konkursu-mww-konczy-sie-20-sierpnia\/#breadcrumb\",\"itemListElement\":[{\"@type\":\"ListItem\",\"position\":1,\"name\":\"Home\",\"item\":\"https:\/\/misswheelchairworld.org\/\"},{\"@type\":\"ListItem\",\"position\":2,\"name\":\"Rekrutacja do konkursu MWW ko\u0144czy si\u0119 20 sierpnia\"}]},{\"@type\":\"WebSite\",\"@id\":\"https:\/\/misswheelchairworld.org\/#website\",\"url\":\"https:\/\/misswheelchairworld.org\/\",\"name\":\"Miss Wheelchair World\",\"description\":\"Miss Wheelchair World\",\"publisher\":{\"@id\":\"https:\/\/misswheelchairworld.org\/#organization\"},\"potentialAction\":[{\"@type\":\"SearchAction\",\"target\":{\"@type\":\"EntryPoint\",\"urlTemplate\":\"https:\/\/misswheelchairworld.org\/?s={search_term_string}\"},\"query-input\":{\"@type\":\"PropertyValueSpecification\",\"valueRequired\":true,\"valueName\":\"search_term_string\"}}],\"inLanguage\":\"en-GB\"},{\"@type\":\"Organization\",\"@id\":\"https:\/\/misswheelchairworld.org\/#organization\",\"name\":\"Miss Wheelchair World\",\"url\":\"https:\/\/misswheelchairworld.org\/\",\"logo\":{\"@type\":\"ImageObject\",\"inLanguage\":\"en-GB\",\"@id\":\"https:\/\/misswheelchairworld.org\/#\/schema\/logo\/image\/\",\"url\":\"https:\/\/misswheelchairworld.org\/wp-content\/uploads\/2022\/10\/Kopia-logoMWW-angielskie-czyste.png\",\"contentUrl\":\"https:\/\/misswheelchairworld.org\/wp-content\/uploads\/2022\/10\/Kopia-logoMWW-angielskie-czyste.png\",\"width\":4871,\"height\":1852,\"caption\":\"Miss Wheelchair World\"},\"image\":{\"@id\":\"https:\/\/misswheelchairworld.org\/#\/schema\/logo\/image\/\"},\"sameAs\":[\"https:\/\/www.facebook.com\/MissWheelchairWorld\",\"https:\/\/x.com\/Jedyna__Taka\",\"https:\/\/www.instagram.com\/misswheelchairworld\/\",\"https:\/\/www.youtube.com\/channel\/UCVaiD9tQULYwtIwQFAyk7zw\"]},{\"@type\":\"Person\",\"@id\":\"https:\/\/misswheelchairworld.org\/#\/schema\/person\/3418b832d7090b25a61cdfbdd6e1005b\",\"name\":\"gosialis\",\"image\":{\"@type\":\"ImageObject\",\"inLanguage\":\"en-GB\",\"@id\":\"https:\/\/misswheelchairworld.org\/#\/schema\/person\/image\/\",\"url\":\"https:\/\/secure.gravatar.com\/avatar\/d32e771e2d111cd51fb159185c23dbcf7416c3fc2cc9aec03b6a21c1e744a7ca?s=96&d=mm&r=g\",\"contentUrl\":\"https:\/\/secure.gravatar.com\/avatar\/d32e771e2d111cd51fb159185c23dbcf7416c3fc2cc9aec03b6a21c1e744a7ca?s=96&d=mm&r=g\",\"caption\":\"gosialis\"},\"sameAs\":[\"https:\/\/misswheelchairworld.org\"],\"url\":\"https:\/\/misswheelchairworld.org\/en\/author\/gosialis\/\"}]}<\/script>\n<!-- \/ Yoast SEO plugin. -->","yoast_head_json":{"title":"Rekrutacja do konkursu MWW ko\u0144czy si\u0119 20 sierpnia - Miss Wheelchair World","robots":{"index":"index","follow":"follow","max-snippet":"max-snippet:-1","max-image-preview":"max-image-preview:large","max-video-preview":"max-video-preview:-1"},"canonical":"https:\/\/misswheelchairworld.org\/en\/rekrutacja-do-konkursu-mww-konczy-sie-20-sierpnia\/","og_locale":"en_GB","og_type":"article","og_title":"Rekrutacja do konkursu MWW ko\u0144czy si\u0119 20 sierpnia - Miss Wheelchair World","og_description":"Rekrutacja do konkursu MWW ko\u0144czy si\u0119 20 sierpnia Jako organizatorzy pierwszych w historii wybor\u00f3w Miss Wheelchair World chcieli\u015bmy przypomnie\u0107, \u017ce rekrutacja do konkursu ko\u0144czy si\u0119 20. sierpnia 2017 roku i jednocze\u015bnie zach\u0119ci\u0107 do udzia\u0142u w tym wydarzeniu i wys\u0142ania swojego zg\u0142oszenia. Pragniemy, aby Polsk\u0119 odwiedzi\u0142o jak najwi\u0119cej kobiet z ca\u0142ego \u015bwiata, kt\u00f3re b\u0119d\u0105 mog\u0142y w...","og_url":"https:\/\/misswheelchairworld.org\/en\/rekrutacja-do-konkursu-mww-konczy-sie-20-sierpnia\/","og_site_name":"Miss Wheelchair World","article_publisher":"https:\/\/www.facebook.com\/MissWheelchairWorld","article_published_time":"2017-07-13T23:13:31+00:00","article_modified_time":"2023-11-02T14:15:23+00:00","og_image":[{"width":280,"height":396,"url":"https:\/\/misswheelchairworld.org\/wp-content\/uploads\/2022\/10\/zakonczenie-rekrutacji_min.png","type":"image\/png"}],"author":"gosialis","twitter_card":"summary_large_image","twitter_creator":"@Jedyna__Taka","twitter_site":"@Jedyna__Taka","twitter_misc":{"Written by":"gosialis","Estimated reading time":"2 minutes"},"schema":{"@context":"https:\/\/schema.org","@graph":[{"@type":"Article","@id":"https:\/\/misswheelchairworld.org\/rekrutacja-do-konkursu-mww-konczy-sie-20-sierpnia\/#article","isPartOf":{"@id":"https:\/\/misswheelchairworld.org\/rekrutacja-do-konkursu-mww-konczy-sie-20-sierpnia\/"},"author":{"name":"gosialis","@id":"https:\/\/misswheelchairworld.org\/#\/schema\/person\/3418b832d7090b25a61cdfbdd6e1005b"},"headline":"Rekrutacja do konkursu MWW ko\u0144czy si\u0119 20 sierpnia","datePublished":"2017-07-13T23:13:31+00:00","dateModified":"2023-11-02T14:15:23+00:00","mainEntityOfPage":{"@id":"https:\/\/misswheelchairworld.org\/rekrutacja-do-konkursu-mww-konczy-sie-20-sierpnia\/"},"wordCount":288,"publisher":{"@id":"https:\/\/misswheelchairworld.org\/#organization"},"image":{"@id":"https:\/\/misswheelchairworld.org\/rekrutacja-do-konkursu-mww-konczy-sie-20-sierpnia\/#primaryimage"},"thumbnailUrl":"https:\/\/misswheelchairworld.org\/wp-content\/uploads\/2022\/10\/zakonczenie-rekrutacji_min.png","articleSection":["Uncategorized"],"inLanguage":"en-GB"},{"@type":"WebPage","@id":"https:\/\/misswheelchairworld.org\/rekrutacja-do-konkursu-mww-konczy-sie-20-sierpnia\/","url":"https:\/\/misswheelchairworld.org\/rekrutacja-do-konkursu-mww-konczy-sie-20-sierpnia\/","name":"Rekrutacja do konkursu MWW ko\u0144czy si\u0119 20 sierpnia - Miss Wheelchair World","isPartOf":{"@id":"https:\/\/misswheelchairworld.org\/#website"},"primaryImageOfPage":{"@id":"https:\/\/misswheelchairworld.org\/rekrutacja-do-konkursu-mww-konczy-sie-20-sierpnia\/#primaryimage"},"image":{"@id":"https:\/\/misswheelchairworld.org\/rekrutacja-do-konkursu-mww-konczy-sie-20-sierpnia\/#primaryimage"},"thumbnailUrl":"https:\/\/misswheelchairworld.org\/wp-content\/uploads\/2022\/10\/zakonczenie-rekrutacji_min.png","datePublished":"2017-07-13T23:13:31+00:00","dateModified":"2023-11-02T14:15:23+00:00","breadcrumb":{"@id":"https:\/\/misswheelchairworld.org\/rekrutacja-do-konkursu-mww-konczy-sie-20-sierpnia\/#breadcrumb"},"inLanguage":"en-GB","potentialAction":[{"@type":"ReadAction","target":["https:\/\/misswheelchairworld.org\/rekrutacja-do-konkursu-mww-konczy-sie-20-sierpnia\/"]}]},{"@type":"ImageObject","inLanguage":"en-GB","@id":"https:\/\/misswheelchairworld.org\/rekrutacja-do-konkursu-mww-konczy-sie-20-sierpnia\/#primaryimage","url":"https:\/\/misswheelchairworld.org\/wp-content\/uploads\/2022\/10\/zakonczenie-rekrutacji_min.png","contentUrl":"https:\/\/misswheelchairworld.org\/wp-content\/uploads\/2022\/10\/zakonczenie-rekrutacji_min.png","width":280,"height":396},{"@type":"BreadcrumbList","@id":"https:\/\/misswheelchairworld.org\/rekrutacja-do-konkursu-mww-konczy-sie-20-sierpnia\/#breadcrumb","itemListElement":[{"@type":"ListItem","position":1,"name":"Home","item":"https:\/\/misswheelchairworld.org\/"},{"@type":"ListItem","position":2,"name":"Rekrutacja do konkursu MWW ko\u0144czy si\u0119 20 sierpnia"}]},{"@type":"WebSite","@id":"https:\/\/misswheelchairworld.org\/#website","url":"https:\/\/misswheelchairworld.org\/","name":"Miss Wheelchair World","description":"Miss Wheelchair World","publisher":{"@id":"https:\/\/misswheelchairworld.org\/#organization"},"potentialAction":[{"@type":"SearchAction","target":{"@type":"EntryPoint","urlTemplate":"https:\/\/misswheelchairworld.org\/?s={search_term_string}"},"query-input":{"@type":"PropertyValueSpecification","valueRequired":true,"valueName":"search_term_string"}}],"inLanguage":"en-GB"},{"@type":"Organization","@id":"https:\/\/misswheelchairworld.org\/#organization","name":"Miss Wheelchair World","url":"https:\/\/misswheelchairworld.org\/","logo":{"@type":"ImageObject","inLanguage":"en-GB","@id":"https:\/\/misswheelchairworld.org\/#\/schema\/logo\/image\/","url":"https:\/\/misswheelchairworld.org\/wp-content\/uploads\/2022\/10\/Kopia-logoMWW-angielskie-czyste.png","contentUrl":"https:\/\/misswheelchairworld.org\/wp-content\/uploads\/2022\/10\/Kopia-logoMWW-angielskie-czyste.png","width":4871,"height":1852,"caption":"Miss Wheelchair World"},"image":{"@id":"https:\/\/misswheelchairworld.org\/#\/schema\/logo\/image\/"},"sameAs":["https:\/\/www.facebook.com\/MissWheelchairWorld","https:\/\/x.com\/Jedyna__Taka","https:\/\/www.instagram.com\/misswheelchairworld\/","https:\/\/www.youtube.com\/channel\/UCVaiD9tQULYwtIwQFAyk7zw"]},{"@type":"Person","@id":"https:\/\/misswheelchairworld.org\/#\/schema\/person\/3418b832d7090b25a61cdfbdd6e1005b","name":"gosialis","image":{"@type":"ImageObject","inLanguage":"en-GB","@id":"https:\/\/misswheelchairworld.org\/#\/schema\/person\/image\/","url":"https:\/\/secure.gravatar.com\/avatar\/d32e771e2d111cd51fb159185c23dbcf7416c3fc2cc9aec03b6a21c1e744a7ca?s=96&d=mm&r=g","contentUrl":"https:\/\/secure.gravatar.com\/avatar\/d32e771e2d111cd51fb159185c23dbcf7416c3fc2cc9aec03b6a21c1e744a7ca?s=96&d=mm&r=g","caption":"gosialis"},"sameAs":["https:\/\/misswheelchairworld.org"],"url":"https:\/\/misswheelchairworld.org\/en\/author\/gosialis\/"}]}},"_links":{"self":[{"href":"https:\/\/misswheelchairworld.org\/en\/wp-json\/wp\/v2\/posts\/2289","targetHints":{"allow":["GET"]}}],"collection":[{"href":"https:\/\/misswheelchairworld.org\/en\/wp-json\/wp\/v2\/posts"}],"about":[{"href":"https:\/\/misswheelchairworld.org\/en\/wp-json\/wp\/v2\/types\/post"}],"author":[{"embeddable":true,"href":"https:\/\/misswheelchairworld.org\/en\/wp-json\/wp\/v2\/users\/1"}],"replies":[{"embeddable":true,"href":"https:\/\/misswheelchairworld.org\/en\/wp-json\/wp\/v2\/comments?post=2289"}],"version-history":[{"count":1,"href":"https:\/\/misswheelchairworld.org\/en\/wp-json\/wp\/v2\/posts\/2289\/revisions"}],"predecessor-version":[{"id":5425,"href":"https:\/\/misswheelchairworld.org\/en\/wp-json\/wp\/v2\/posts\/2289\/revisions\/5425"}],"wp:featuredmedia":[{"embeddable":true,"href":"https:\/\/misswheelchairworld.org\/en\/wp-json\/wp\/v2\/media\/2290"}],"wp:attachment":[{"href":"https:\/\/misswheelchairworld.org\/en\/wp-json\/wp\/v2\/media?parent=2289"}],"wp:term":[{"taxonomy":"category","embeddable":true,"href":"https:\/\/misswheelchairworld.org\/en\/wp-json\/wp\/v2\/categories?post=2289"},{"taxonomy":"post_tag","embeddable":true,"href":"https:\/\/misswheelchairworld.org\/en\/wp-json\/wp\/v2\/tags?post=2289"}],"curies":[{"name":"wp","href":"https:\/\/api.w.org\/{rel}","templated":true}]}}