{"id":2318,"date":"2016-10-25T00:11:48","date_gmt":"2016-10-25T00:11:48","guid":{"rendered":"https:\/\/misswheelchairworld.org\/?p=2318"},"modified":"2023-11-02T15:19:00","modified_gmt":"2023-11-02T14:19:00","slug":"wybory-miss-polski-na-wozku-2016","status":"publish","type":"post","link":"https:\/\/misswheelchairworld.org\/en\/wybory-miss-polski-na-wozku-2016\/","title":{"rendered":"Miss Poland Wheelchair 2016 Pageant"},"content":{"rendered":"<style>.kb-row-layout-id2318_344f45-5a > .kt-row-column-wrap{align-content:center;}:where(.kb-row-layout-id2318_344f45-5a > .kt-row-column-wrap) > .wp-block-kadence-column{justify-content:center;}.kb-row-layout-id2318_344f45-5a > .kt-row-column-wrap{column-gap:var(--global-kb-gap-md, 2rem);row-gap:var(--global-kb-gap-md, 2rem);padding-top:70px;padding-bottom:25px;grid-template-columns:minmax(0, calc(40% - ((var(--global-kb-gap-md, 2rem) * 1 )\/2)))minmax(0, calc(60% - ((var(--global-kb-gap-md, 2rem) * 1 )\/2)));}.kb-row-layout-id2318_344f45-5a > .kt-row-layout-overlay{opacity:0.30;}@media all and (max-width: 1024px){.kb-row-layout-id2318_344f45-5a > .kt-row-column-wrap{grid-template-columns:repeat(2, minmax(0, 1fr));}}@media all and (max-width: 767px){.kb-row-layout-id2318_344f45-5a > .kt-row-column-wrap{grid-template-columns:minmax(0, 1fr);}}<\/style><div class=\"kb-row-layout-wrap kb-row-layout-id2318_344f45-5a alignnone wp-block-kadence-rowlayout\"><div class=\"kt-row-column-wrap kt-has-2-columns kt-row-layout-equal kt-tab-layout-inherit kt-mobile-layout-row kt-row-valign-middle\">\n<style>.kadence-column2318_e6867d-ce > .kt-inside-inner-col,.kadence-column2318_e6867d-ce > .kt-inside-inner-col:before{border-top-left-radius:0px;border-top-right-radius:0px;border-bottom-right-radius:0px;border-bottom-left-radius:0px;}.kadence-column2318_e6867d-ce > .kt-inside-inner-col{column-gap:var(--global-kb-gap-sm, 1rem);}.kadence-column2318_e6867d-ce > .kt-inside-inner-col{flex-direction:column;}.kadence-column2318_e6867d-ce > .kt-inside-inner-col > .aligncenter{width:100%;}.kadence-column2318_e6867d-ce > .kt-inside-inner-col:before{opacity:0.3;}.kadence-column2318_e6867d-ce{position:relative;}@media all and (max-width: 1024px){.kadence-column2318_e6867d-ce > .kt-inside-inner-col{flex-direction:column;justify-content:center;}}@media all and (max-width: 767px){.kadence-column2318_e6867d-ce > .kt-inside-inner-col{flex-direction:column;justify-content:center;}}<\/style>\n<div class=\"wp-block-kadence-column kadence-column2318_e6867d-ce inner-column-1\"><div class=\"kt-inside-inner-col\"><div class=\"wp-block-image\">\n<figure class=\"aligncenter size-full\"><img loading=\"lazy\" decoding=\"async\" width=\"300\" height=\"200\" src=\"https:\/\/misswheelchairworld.org\/wp-content\/uploads\/2022\/10\/zaw-326-_3_min.jpg\" alt=\"\" class=\"wp-image-2319\" srcset=\"https:\/\/misswheelchairworld.org\/wp-content\/uploads\/2022\/10\/zaw-326-_3_min.jpg 300w, https:\/\/misswheelchairworld.org\/wp-content\/uploads\/2022\/10\/zaw-326-_3_min-18x12.jpg 18w\" sizes=\"auto, (max-width: 300px) 100vw, 300px\" \/><\/figure><\/div><\/div><\/div>\n\n\n<style>.kadence-column2318_836bd8-02 > .kt-inside-inner-col,.kadence-column2318_836bd8-02 > .kt-inside-inner-col:before{border-top-left-radius:0px;border-top-right-radius:0px;border-bottom-right-radius:0px;border-bottom-left-radius:0px;}.kadence-column2318_836bd8-02 > .kt-inside-inner-col{column-gap:var(--global-kb-gap-sm, 1rem);}.kadence-column2318_836bd8-02 > .kt-inside-inner-col{flex-direction:column;}.kadence-column2318_836bd8-02 > .kt-inside-inner-col > .aligncenter{width:100%;}.kadence-column2318_836bd8-02 > .kt-inside-inner-col:before{opacity:0.3;}.kadence-column2318_836bd8-02{position:relative;}@media all and (max-width: 1024px){.kadence-column2318_836bd8-02 > .kt-inside-inner-col{flex-direction:column;justify-content:center;}}@media all and (max-width: 767px){.kadence-column2318_836bd8-02 > .kt-inside-inner-col{flex-direction:column;justify-content:center;}}<\/style>\n<div class=\"wp-block-kadence-column kadence-column2318_836bd8-02 inner-column-2\"><div class=\"kt-inside-inner-col\"><style>.wp-block-kadence-advancedheading.kt-adv-heading2318_c00e15-af, .wp-block-kadence-advancedheading.kt-adv-heading2318_c00e15-af[data-kb-block=\"kb-adv-heading2318_c00e15-af\"]{font-style:normal;}.wp-block-kadence-advancedheading.kt-adv-heading2318_c00e15-af mark.kt-highlight, .wp-block-kadence-advancedheading.kt-adv-heading2318_c00e15-af[data-kb-block=\"kb-adv-heading2318_c00e15-af\"] mark.kt-highlight{font-style:normal;color:#f76a0c;-webkit-box-decoration-break:clone;box-decoration-break:clone;padding-top:0px;padding-right:0px;padding-bottom:0px;padding-left:0px;}<\/style>\n<h3 class=\"kt-adv-heading2318_c00e15-af wp-block-kadence-advancedheading\" data-kb-block=\"kb-adv-heading2318_c00e15-af\">Miss Poland Wheelchair 2016 Pageant<\/h3>\n\n\n\n<p>Zastanawiacie si\u0119 jeszcze czy odwiedzi\u0107 Polsk\u0119 7. pa\u017adziernika 2017 roku podczas wybor\u00f3w <a href=\"https:\/\/www.facebook.com\/MissWheelchairWorld\/?fref=ts\">Miss \u015awiata na W\u00f3zku<\/a>? Chcieliby\u015bcie aby przedstawicielki waszego kraju wzi\u0119\u0142y udzia\u0142 w tym niezwyk\u0142ym konkursie, ale nie wiecie jak to wszystko b\u0119dzie przebiega\u0142o? Zapewniamy, \u017ce czeka was wiele atrakcji i niezapomnianych emocji, kt\u00f3rych nie da si\u0119 opisa\u0107 s\u0142owami. Wszystkimi Finalistkami wybor\u00f3w Miss \u015awiata na W\u00f3zku zajm\u0105 si\u0119 najlepsi profesjonali\u015bci. Ludzie, dla kt\u00f3rych niepe\u0142nosprawno\u015b\u0107 nie oznacza wykluczenia, a kobieta poruszaj\u0105ca si\u0119 na w\u00f3zku to po prostu pi\u0119kna kobieta, jak to podczas pierwszej edycji konkursu Miss Polski na W\u00f3zku powiedzia\u0142 Donald Tusk, Premier Polski.<\/p>\n<\/div><\/div>\n\n<\/div><\/div>\n\n\n<p>W tym roku byli\u015bmy organizatorem ju\u017c 4.edycji Miss Polski na W\u00f3zku, co pozwoli\u0142o nam zdoby\u0107 jeszcze wi\u0119ksze do\u015bwiadczenie. Posiadamy niezb\u0119dne umiej\u0119tno\u015bci i kompetencje, dzi\u0119ki kt\u00f3rym czujemy si\u0119 gotowi na organizacj\u0119 wybor\u00f3w Miss \u015awiata na W\u00f3zku. Podj\u0119li\u015bmy wsp\u00f3\u0142prace z <a href=\"http:\/\/www.nowascena.pl\/\">Now\u0105 Scen\u0105<\/a>, organizatorem zar\u00f3wno wybor\u00f3w Miss Polski jak i mi\u0119dzynarodowego konkursu Miss Supranational. Pragniemy aby dzi\u0119ki tym dzia\u0142aniom ju\u017c za rok Polsk\u0119 odwiedzi\u0142o jak najwi\u0119cej pi\u0119knych kobiet z Europy i innych kontynent\u00f3w, kt\u00f3re b\u0119d\u0105 mog\u0142y integrowa\u0107 si\u0119 na skal\u0119 mi\u0119dzynarodow\u0105. Chcemy aby kandydatki, kt\u00f3re wezm\u0105 udzia\u0142 w wyborach Miss \u015awiata na W\u00f3zku mog\u0142y w pe\u0142ni zaprezentowa\u0107 swoj\u0105 urod\u0119, wdzi\u0119k i osobowo\u015b\u0107 oraz s\u0142awi\u0142y pi\u0119kno swojego kraju. Zmierzamy do tego aby ca\u0142e przedsi\u0119wzi\u0119cie odby\u0142o si\u0119 na jak najwy\u017cszym poziomie, podobnie jak wybory Miss Polski na W\u00f3zku, kt\u00f3re co roku \u015bci\u0105gaj\u0105 do Warszawy t\u0142umy widz\u00f3w.<\/p>\n\n\n\n<p>Zobaczcie przedsmak tego co dzia\u0142o si\u0119 na o\u015bmiodniowych Warsztatach Miss Polski na W\u00f3zku 2016 oraz na samej Gali Fina\u0142owej w relacji przygotowanej przez <a href=\"https:\/\/www.facebook.com\/svcreativekolbuszowa\/?fref=ts\">Sound &amp; Visual Creative Studio Kolbuszowa<\/a>.<\/p>\n\n\n<style>.kb-row-layout-id2318_4432d2-df > .kt-row-column-wrap{align-content:start;}:where(.kb-row-layout-id2318_4432d2-df > .kt-row-column-wrap) > .wp-block-kadence-column{justify-content:start;}.kb-row-layout-id2318_4432d2-df > .kt-row-column-wrap{column-gap:var(--global-kb-gap-md, 2rem);row-gap:var(--global-kb-gap-md, 2rem);padding-top:var(--global-kb-spacing-sm, 1.5rem);padding-bottom:var(--global-kb-spacing-sm, 1.5rem);grid-template-columns:minmax(0, calc(20% - ((var(--global-kb-gap-md, 2rem) * 2 )\/3)))minmax(0, calc(60% - ((var(--global-kb-gap-md, 2rem) * 2 )\/3)))minmax(0, calc(20% - ((var(--global-kb-gap-md, 2rem) * 2 )\/3)));}.kb-row-layout-id2318_4432d2-df > .kt-row-layout-overlay{opacity:0.30;}@media all and (max-width: 1024px){.kb-row-layout-id2318_4432d2-df > .kt-row-column-wrap > div:not(.added-for-specificity){grid-column:initial;}}@media all and (max-width: 1024px){.kb-row-layout-id2318_4432d2-df > .kt-row-column-wrap{grid-template-columns:repeat(3, minmax(0, 1fr));}}@media all and (max-width: 767px){.kb-row-layout-id2318_4432d2-df > .kt-row-column-wrap > div:not(.added-for-specificity){grid-column:initial;}.kb-row-layout-id2318_4432d2-df > .kt-row-column-wrap{grid-template-columns:minmax(0, 1fr);}}<\/style><div class=\"kb-row-layout-wrap kb-row-layout-id2318_4432d2-df alignnone wp-block-kadence-rowlayout\"><div class=\"kt-row-column-wrap kt-has-3-columns kt-row-layout-equal kt-tab-layout-inherit kt-mobile-layout-row kt-row-valign-top\">\n<style>.kadence-column2318_c2e358-a7 > .kt-inside-inner-col,.kadence-column2318_c2e358-a7 > .kt-inside-inner-col:before{border-top-left-radius:0px;border-top-right-radius:0px;border-bottom-right-radius:0px;border-bottom-left-radius:0px;}.kadence-column2318_c2e358-a7 > .kt-inside-inner-col{column-gap:var(--global-kb-gap-sm, 1rem);}.kadence-column2318_c2e358-a7 > .kt-inside-inner-col{flex-direction:column;}.kadence-column2318_c2e358-a7 > .kt-inside-inner-col > .aligncenter{width:100%;}.kadence-column2318_c2e358-a7 > .kt-inside-inner-col:before{opacity:0.3;}.kadence-column2318_c2e358-a7{position:relative;}@media all and (max-width: 1024px){.kadence-column2318_c2e358-a7 > .kt-inside-inner-col{flex-direction:column;justify-content:center;}}@media all and (max-width: 767px){.kadence-column2318_c2e358-a7 > .kt-inside-inner-col{flex-direction:column;justify-content:center;}}<\/style>\n<div class=\"wp-block-kadence-column kadence-column2318_c2e358-a7 inner-column-1\"><div class=\"kt-inside-inner-col\"><\/div><\/div>\n\n\n<style>.kadence-column2318_64e7d2-e5 > .kt-inside-inner-col,.kadence-column2318_64e7d2-e5 > .kt-inside-inner-col:before{border-top-left-radius:0px;border-top-right-radius:0px;border-bottom-right-radius:0px;border-bottom-left-radius:0px;}.kadence-column2318_64e7d2-e5 > .kt-inside-inner-col{column-gap:var(--global-kb-gap-sm, 1rem);}.kadence-column2318_64e7d2-e5 > .kt-inside-inner-col{flex-direction:column;}.kadence-column2318_64e7d2-e5 > .kt-inside-inner-col > .aligncenter{width:100%;}.kadence-column2318_64e7d2-e5 > .kt-inside-inner-col:before{opacity:0.3;}.kadence-column2318_64e7d2-e5{position:relative;}@media all and (max-width: 1024px){.kadence-column2318_64e7d2-e5 > .kt-inside-inner-col{flex-direction:column;justify-content:center;}}@media all and (max-width: 767px){.kadence-column2318_64e7d2-e5 > .kt-inside-inner-col{flex-direction:column;justify-content:center;}}<\/style>\n<div class=\"wp-block-kadence-column kadence-column2318_64e7d2-e5 inner-column-2\"><div class=\"kt-inside-inner-col\">\n<figure class=\"wp-block-embed is-type-video is-provider-youtube wp-block-embed-youtube wp-embed-aspect-16-9 wp-has-aspect-ratio\"><div class=\"wp-block-embed__wrapper\">\n<iframe loading=\"lazy\" title=\"Gala Fina\u0142owa Miss Polski na w\u00f3zku 2016\/ Miss Poland wheelchair 2016\" width=\"720\" height=\"405\" src=\"https:\/\/www.youtube.com\/embed\/vK4V1PaUevk?feature=oembed\" frameborder=\"0\" allow=\"accelerometer; autoplay; clipboard-write; encrypted-media; gyroscope; picture-in-picture\" allowfullscreen><\/iframe>\n<\/div><\/figure>\n<\/div><\/div>\n\n\n<style>.kadence-column2318_25b71e-49 > .kt-inside-inner-col,.kadence-column2318_25b71e-49 > .kt-inside-inner-col:before{border-top-left-radius:0px;border-top-right-radius:0px;border-bottom-right-radius:0px;border-bottom-left-radius:0px;}.kadence-column2318_25b71e-49 > .kt-inside-inner-col{column-gap:var(--global-kb-gap-sm, 1rem);}.kadence-column2318_25b71e-49 > .kt-inside-inner-col{flex-direction:column;}.kadence-column2318_25b71e-49 > .kt-inside-inner-col > .aligncenter{width:100%;}.kadence-column2318_25b71e-49 > .kt-inside-inner-col:before{opacity:0.3;}.kadence-column2318_25b71e-49{position:relative;}@media all and (max-width: 1024px){.kadence-column2318_25b71e-49 > .kt-inside-inner-col{flex-direction:column;justify-content:center;}}@media all and (max-width: 767px){.kadence-column2318_25b71e-49 > .kt-inside-inner-col{flex-direction:column;justify-content:center;}}<\/style>\n<div class=\"wp-block-kadence-column kadence-column2318_25b71e-49 inner-column-3\"><div class=\"kt-inside-inner-col\"><\/div><\/div>\n\n<\/div><\/div>\n\n\n<p>W nagraniach udzia\u0142 wzi\u0119\u0142y <a href=\"https:\/\/www.facebook.com\/misspolskinawozku2016\/?fref=ts\">Adrianna Zawadzi\u0144ska \u2013 Miss Polski na W\u00f3zku 2016<\/a>, <a href=\"https:\/\/www.facebook.com\/Iwicemisspolskinawozku2016\/?fref=ts\">Patrycja W\u00f3jciak \u2013 I Wicemiss Polski na W\u00f3zku 2016<\/a>, <a href=\"https:\/\/www.facebook.com\/Anna-P%C5%82oszy%C5%84ska-II-Wicemiss-Polski-na-W%C3%B3zku-2016-1596147374016784\/?fref=ts\">Anna P\u0142oszy\u0144ska \u2013 II Wicemiss Polski na W\u00f3zku 2016<\/a>, <a href=\"https:\/\/www.facebook.com\/El%C5%BCbieta-Zarzecka-Miss-Popularno%C5%9Bci-na-W%C3%B3zku-2016-1031289873585695\/?fref=ts\">El\u017cbieta Zarzecka \u2013 Miss Popularno\u015bci na W\u00f3zku 2016<\/a>, <a href=\"https:\/\/www.facebook.com\/Agata-Cybuchowska-Miss-Medi%C3%B3w-Spo%C5%82eczno%C5%9Bciowych-na-W%C3%B3zku-2016-275853129461821\/?fref=ts\">Agata Cybuchowska \u2013 Miss Medi\u00f3w Spo\u0142eczno\u015bciowych na W\u00f3zku 2016<\/a> oraz pozosta\u0142e Finalistki wybor\u00f3w Miss Polski na W\u00f3zku 2016: Iwona Necel, Wioletta Czyjt, Wioleta Wi\u0119ckowska, Paula Nolbert, Paulina Naro\u017cnik, Karolina Wyrwicz i Emilia Krok.<\/p>\n\n\n\n<p>Organizatorem wybor\u00f3w Miss Polski na W\u00f3zku 2016 by\u0142a <a href=\"http:\/\/jedyna-taka.pl\/\">The Only One Foundation<\/a> oraz <a href=\"http:\/\/www.um.warszawa.pl\/\">Miasto Sto\u0142eczne Warszawa<\/a>, dzi\u0119ki pomocy wsp\u00f3\u0142organizator\u00f3w <a href=\"http:\/\/www.estrada.com.pl\/\">Sto\u0142eczna Estrada<\/a> i <a href=\"http:\/\/bemowskie.pl\/\">Bemowskie Centrum Kultury art.bem<\/a>, partner\u00f3w Fundacji: <a href=\"https:\/\/www.quickie-wheelchairs.com\/\">Quickie<\/a>, SOD \u2013 Pawe\u0142 Janiszewski, Meyra oraz <a href=\"http:\/\/dobry-projekt.pl\/\">Dobry Projekt<\/a>, patron\u00f3w honorowych, partner\u00f3w konkursu, wsparciu organizacyjnemu, darczy\u0144czom, patronom medialnym, a tak\u017ce wspania\u0142ym wolontariuszom i ludziom, kt\u00f3rzy razem z nami chc\u0105 zmienia\u0107 wizerunek os\u00f3b z niepe\u0142nosprawno\u015bci\u0105.<\/p>\n\n\n\n<p>O makija\u017ce Finalistek zadba\u0142a Perfumerie Douglas Polska &#8211; Oficjalny makija\u017cysta wybor\u00f3w Miss Polski na w\u00f3zku. Suknie zapewni\u0142a <a href=\"https:\/\/www.facebook.com\/ViolaPiekut-404465556307294\/\">Viola Piekut<\/a>, a fryzurami zaj\u0119\u0142a si\u0119 <a href=\"https:\/\/www.facebook.com\/ABKwarszawa\/?fref=ts\/\">Akademia Berendowicz&amp;Kublin Warszawa<\/a>.<\/p>\n\n\n\n<p>Gal\u0119 poprowadzi\u0142a Aleksandra Kostka, a oczekiwanie na werdykt jury umili Sound&#8217;n&#8217;Grace \u2013 polski ch\u00f3r, wykonuj\u0105cy muzyk\u0119 gospel, soul, R&amp;B i funk oraz <a href=\"https:\/\/www.facebook.com\/Zesp%C3%B3%C5%82-Taneczny-Trans-329657970433421\/\">Zesp\u00f3\u0142 Taneczny Trans<\/a>.<\/p>\n\n\n\n<p>W takcie Warsztat\u00f3w Miss, Finalistki wzi\u0119\u0142y udzia\u0142 w sesjach zdj\u0119ciowych, szkoleniach z wiza\u017cu, spotkaniach z coachem, zaj\u0119ciach choreograficznych, doborze stroju na scen\u0119, szkoleniu z Brafittingu i licznych wywiadach. Mia\u0142y tak\u017ce okazj\u0119 przetestowa\u0107 dostawk\u0119 do w\u00f3zka stricker oraz uczestniczy\u0107 w Dniu Pi\u0119kna w Profemed Medycyna Estetyczna Odkryj w sobie pi\u0119kno. Warsztaty Miss nie tylko \u015bwietnie przygotowa\u0142y je do Gali Fina\u0142owej, ale r\u00f3wnie\u017c pozwoli\u0142y im prze\u017cy\u0107 \u015bwietn\u0105 przygod\u0119, kt\u00f3ra czeka r\u00f3wnie\u017c Finalistki wybor\u00f3w Miss \u015awiata na W\u00f3zku 2017.<\/p>\n\n\n\n<p>Zapraszamy do Polski!<\/p>","protected":false},"excerpt":{"rendered":"<p>Wybory Miss Polski na W\u00f3zku 2016 Zastanawiacie si\u0119 jeszcze czy odwiedzi\u0107 Polsk\u0119 7. pa\u017adziernika 2017 roku podczas wybor\u00f3w Miss \u015awiata na W\u00f3zku? Chcieliby\u015bcie aby przedstawicielki waszego kraju wzi\u0119\u0142y udzia\u0142 w tym niezwyk\u0142ym konkursie, ale nie wiecie jak to wszystko b\u0119dzie przebiega\u0142o? Zapewniamy, \u017ce czeka was wiele atrakcji i niezapomnianych emocji, kt\u00f3rych nie da si\u0119 opisa\u0107&#8230;<\/p>","protected":false},"author":1,"featured_media":2319,"comment_status":"closed","ping_status":"open","sticky":false,"template":"","format":"standard","meta":{"_kad_post_transparent":"","_kad_post_title":"hide","_kad_post_layout":"normal","_kad_post_sidebar_id":"","_kad_post_content_style":"unboxed","_kad_post_vertical_padding":"hide","_kad_post_feature":"","_kad_post_feature_position":"","_kad_post_header":false,"_kad_post_footer":false,"_kad_post_classname":"","footnotes":""},"categories":[1],"tags":[],"class_list":["post-2318","post","type-post","status-publish","format-standard","has-post-thumbnail","hentry","category-uncategorized"],"yoast_head":"<!-- This site is optimized with the Yoast SEO plugin v26.3 - https:\/\/yoast.com\/wordpress\/plugins\/seo\/ -->\n<title>Wybory Miss Polski na W\u00f3zku 2016 - Miss Wheelchair World<\/title>\n<meta name=\"robots\" content=\"index, follow, max-snippet:-1, max-image-preview:large, max-video-preview:-1\" \/>\n<link rel=\"canonical\" href=\"https:\/\/misswheelchairworld.org\/en\/wybory-miss-polski-na-wozku-2016\/\" \/>\n<meta property=\"og:locale\" content=\"en_GB\" \/>\n<meta property=\"og:type\" content=\"article\" \/>\n<meta property=\"og:title\" content=\"Wybory Miss Polski na W\u00f3zku 2016 - Miss Wheelchair World\" \/>\n<meta property=\"og:description\" content=\"Wybory Miss Polski na W\u00f3zku 2016 Zastanawiacie si\u0119 jeszcze czy odwiedzi\u0107 Polsk\u0119 7. pa\u017adziernika 2017 roku podczas wybor\u00f3w Miss \u015awiata na W\u00f3zku? Chcieliby\u015bcie aby przedstawicielki waszego kraju wzi\u0119\u0142y udzia\u0142 w tym niezwyk\u0142ym konkursie, ale nie wiecie jak to wszystko b\u0119dzie przebiega\u0142o? Zapewniamy, \u017ce czeka was wiele atrakcji i niezapomnianych emocji, kt\u00f3rych nie da si\u0119 opisa\u0107...\" \/>\n<meta property=\"og:url\" content=\"https:\/\/misswheelchairworld.org\/en\/wybory-miss-polski-na-wozku-2016\/\" \/>\n<meta property=\"og:site_name\" content=\"Miss Wheelchair World\" \/>\n<meta property=\"article:publisher\" content=\"https:\/\/www.facebook.com\/MissWheelchairWorld\" \/>\n<meta property=\"article:published_time\" content=\"2016-10-25T00:11:48+00:00\" \/>\n<meta property=\"article:modified_time\" content=\"2023-11-02T14:19:00+00:00\" \/>\n<meta property=\"og:image\" content=\"https:\/\/misswheelchairworld.org\/wp-content\/uploads\/2022\/10\/zaw-326-_3_min.jpg\" \/>\n\t<meta property=\"og:image:width\" content=\"300\" \/>\n\t<meta property=\"og:image:height\" content=\"200\" \/>\n\t<meta property=\"og:image:type\" content=\"image\/jpeg\" \/>\n<meta name=\"author\" content=\"gosialis\" \/>\n<meta name=\"twitter:card\" content=\"summary_large_image\" \/>\n<meta name=\"twitter:creator\" content=\"@Jedyna__Taka\" \/>\n<meta name=\"twitter:site\" content=\"@Jedyna__Taka\" \/>\n<meta name=\"twitter:label1\" content=\"Written by\" \/>\n\t<meta name=\"twitter:data1\" content=\"gosialis\" \/>\n\t<meta name=\"twitter:label2\" content=\"Estimated reading time\" \/>\n\t<meta name=\"twitter:data2\" content=\"4 minutes\" \/>\n<script type=\"application\/ld+json\" class=\"yoast-schema-graph\">{\"@context\":\"https:\/\/schema.org\",\"@graph\":[{\"@type\":\"Article\",\"@id\":\"https:\/\/misswheelchairworld.org\/wybory-miss-polski-na-wozku-2016\/#article\",\"isPartOf\":{\"@id\":\"https:\/\/misswheelchairworld.org\/wybory-miss-polski-na-wozku-2016\/\"},\"author\":{\"name\":\"gosialis\",\"@id\":\"https:\/\/misswheelchairworld.org\/#\/schema\/person\/3418b832d7090b25a61cdfbdd6e1005b\"},\"headline\":\"Wybory Miss Polski na W\u00f3zku 2016\",\"datePublished\":\"2016-10-25T00:11:48+00:00\",\"dateModified\":\"2023-11-02T14:19:00+00:00\",\"mainEntityOfPage\":{\"@id\":\"https:\/\/misswheelchairworld.org\/wybory-miss-polski-na-wozku-2016\/\"},\"wordCount\":659,\"publisher\":{\"@id\":\"https:\/\/misswheelchairworld.org\/#organization\"},\"image\":{\"@id\":\"https:\/\/misswheelchairworld.org\/wybory-miss-polski-na-wozku-2016\/#primaryimage\"},\"thumbnailUrl\":\"https:\/\/misswheelchairworld.org\/wp-content\/uploads\/2022\/10\/zaw-326-_3_min.jpg\",\"articleSection\":[\"Uncategorized\"],\"inLanguage\":\"en-GB\"},{\"@type\":\"WebPage\",\"@id\":\"https:\/\/misswheelchairworld.org\/wybory-miss-polski-na-wozku-2016\/\",\"url\":\"https:\/\/misswheelchairworld.org\/wybory-miss-polski-na-wozku-2016\/\",\"name\":\"Wybory Miss Polski na W\u00f3zku 2016 - Miss Wheelchair World\",\"isPartOf\":{\"@id\":\"https:\/\/misswheelchairworld.org\/#website\"},\"primaryImageOfPage\":{\"@id\":\"https:\/\/misswheelchairworld.org\/wybory-miss-polski-na-wozku-2016\/#primaryimage\"},\"image\":{\"@id\":\"https:\/\/misswheelchairworld.org\/wybory-miss-polski-na-wozku-2016\/#primaryimage\"},\"thumbnailUrl\":\"https:\/\/misswheelchairworld.org\/wp-content\/uploads\/2022\/10\/zaw-326-_3_min.jpg\",\"datePublished\":\"2016-10-25T00:11:48+00:00\",\"dateModified\":\"2023-11-02T14:19:00+00:00\",\"breadcrumb\":{\"@id\":\"https:\/\/misswheelchairworld.org\/wybory-miss-polski-na-wozku-2016\/#breadcrumb\"},\"inLanguage\":\"en-GB\",\"potentialAction\":[{\"@type\":\"ReadAction\",\"target\":[\"https:\/\/misswheelchairworld.org\/wybory-miss-polski-na-wozku-2016\/\"]}]},{\"@type\":\"ImageObject\",\"inLanguage\":\"en-GB\",\"@id\":\"https:\/\/misswheelchairworld.org\/wybory-miss-polski-na-wozku-2016\/#primaryimage\",\"url\":\"https:\/\/misswheelchairworld.org\/wp-content\/uploads\/2022\/10\/zaw-326-_3_min.jpg\",\"contentUrl\":\"https:\/\/misswheelchairworld.org\/wp-content\/uploads\/2022\/10\/zaw-326-_3_min.jpg\",\"width\":300,\"height\":200},{\"@type\":\"BreadcrumbList\",\"@id\":\"https:\/\/misswheelchairworld.org\/wybory-miss-polski-na-wozku-2016\/#breadcrumb\",\"itemListElement\":[{\"@type\":\"ListItem\",\"position\":1,\"name\":\"Home\",\"item\":\"https:\/\/misswheelchairworld.org\/\"},{\"@type\":\"ListItem\",\"position\":2,\"name\":\"Wybory Miss Polski na W\u00f3zku 2016\"}]},{\"@type\":\"WebSite\",\"@id\":\"https:\/\/misswheelchairworld.org\/#website\",\"url\":\"https:\/\/misswheelchairworld.org\/\",\"name\":\"Miss Wheelchair World\",\"description\":\"Miss Wheelchair World\",\"publisher\":{\"@id\":\"https:\/\/misswheelchairworld.org\/#organization\"},\"potentialAction\":[{\"@type\":\"SearchAction\",\"target\":{\"@type\":\"EntryPoint\",\"urlTemplate\":\"https:\/\/misswheelchairworld.org\/?s={search_term_string}\"},\"query-input\":{\"@type\":\"PropertyValueSpecification\",\"valueRequired\":true,\"valueName\":\"search_term_string\"}}],\"inLanguage\":\"en-GB\"},{\"@type\":\"Organization\",\"@id\":\"https:\/\/misswheelchairworld.org\/#organization\",\"name\":\"Miss Wheelchair World\",\"url\":\"https:\/\/misswheelchairworld.org\/\",\"logo\":{\"@type\":\"ImageObject\",\"inLanguage\":\"en-GB\",\"@id\":\"https:\/\/misswheelchairworld.org\/#\/schema\/logo\/image\/\",\"url\":\"https:\/\/misswheelchairworld.org\/wp-content\/uploads\/2022\/10\/Kopia-logoMWW-angielskie-czyste.png\",\"contentUrl\":\"https:\/\/misswheelchairworld.org\/wp-content\/uploads\/2022\/10\/Kopia-logoMWW-angielskie-czyste.png\",\"width\":4871,\"height\":1852,\"caption\":\"Miss Wheelchair World\"},\"image\":{\"@id\":\"https:\/\/misswheelchairworld.org\/#\/schema\/logo\/image\/\"},\"sameAs\":[\"https:\/\/www.facebook.com\/MissWheelchairWorld\",\"https:\/\/x.com\/Jedyna__Taka\",\"https:\/\/www.instagram.com\/misswheelchairworld\/\",\"https:\/\/www.youtube.com\/channel\/UCVaiD9tQULYwtIwQFAyk7zw\"]},{\"@type\":\"Person\",\"@id\":\"https:\/\/misswheelchairworld.org\/#\/schema\/person\/3418b832d7090b25a61cdfbdd6e1005b\",\"name\":\"gosialis\",\"image\":{\"@type\":\"ImageObject\",\"inLanguage\":\"en-GB\",\"@id\":\"https:\/\/misswheelchairworld.org\/#\/schema\/person\/image\/\",\"url\":\"https:\/\/secure.gravatar.com\/avatar\/d32e771e2d111cd51fb159185c23dbcf7416c3fc2cc9aec03b6a21c1e744a7ca?s=96&d=mm&r=g\",\"contentUrl\":\"https:\/\/secure.gravatar.com\/avatar\/d32e771e2d111cd51fb159185c23dbcf7416c3fc2cc9aec03b6a21c1e744a7ca?s=96&d=mm&r=g\",\"caption\":\"gosialis\"},\"sameAs\":[\"https:\/\/misswheelchairworld.org\"],\"url\":\"https:\/\/misswheelchairworld.org\/en\/author\/gosialis\/\"}]}<\/script>\n<!-- \/ Yoast SEO plugin. -->","yoast_head_json":{"title":"Wybory Miss Polski na W\u00f3zku 2016 - Miss Wheelchair World","robots":{"index":"index","follow":"follow","max-snippet":"max-snippet:-1","max-image-preview":"max-image-preview:large","max-video-preview":"max-video-preview:-1"},"canonical":"https:\/\/misswheelchairworld.org\/en\/wybory-miss-polski-na-wozku-2016\/","og_locale":"en_GB","og_type":"article","og_title":"Wybory Miss Polski na W\u00f3zku 2016 - Miss Wheelchair World","og_description":"Wybory Miss Polski na W\u00f3zku 2016 Zastanawiacie si\u0119 jeszcze czy odwiedzi\u0107 Polsk\u0119 7. pa\u017adziernika 2017 roku podczas wybor\u00f3w Miss \u015awiata na W\u00f3zku? Chcieliby\u015bcie aby przedstawicielki waszego kraju wzi\u0119\u0142y udzia\u0142 w tym niezwyk\u0142ym konkursie, ale nie wiecie jak to wszystko b\u0119dzie przebiega\u0142o? Zapewniamy, \u017ce czeka was wiele atrakcji i niezapomnianych emocji, kt\u00f3rych nie da si\u0119 opisa\u0107...","og_url":"https:\/\/misswheelchairworld.org\/en\/wybory-miss-polski-na-wozku-2016\/","og_site_name":"Miss Wheelchair World","article_publisher":"https:\/\/www.facebook.com\/MissWheelchairWorld","article_published_time":"2016-10-25T00:11:48+00:00","article_modified_time":"2023-11-02T14:19:00+00:00","og_image":[{"width":300,"height":200,"url":"https:\/\/misswheelchairworld.org\/wp-content\/uploads\/2022\/10\/zaw-326-_3_min.jpg","type":"image\/jpeg"}],"author":"gosialis","twitter_card":"summary_large_image","twitter_creator":"@Jedyna__Taka","twitter_site":"@Jedyna__Taka","twitter_misc":{"Written by":"gosialis","Estimated reading time":"4 minutes"},"schema":{"@context":"https:\/\/schema.org","@graph":[{"@type":"Article","@id":"https:\/\/misswheelchairworld.org\/wybory-miss-polski-na-wozku-2016\/#article","isPartOf":{"@id":"https:\/\/misswheelchairworld.org\/wybory-miss-polski-na-wozku-2016\/"},"author":{"name":"gosialis","@id":"https:\/\/misswheelchairworld.org\/#\/schema\/person\/3418b832d7090b25a61cdfbdd6e1005b"},"headline":"Wybory Miss Polski na W\u00f3zku 2016","datePublished":"2016-10-25T00:11:48+00:00","dateModified":"2023-11-02T14:19:00+00:00","mainEntityOfPage":{"@id":"https:\/\/misswheelchairworld.org\/wybory-miss-polski-na-wozku-2016\/"},"wordCount":659,"publisher":{"@id":"https:\/\/misswheelchairworld.org\/#organization"},"image":{"@id":"https:\/\/misswheelchairworld.org\/wybory-miss-polski-na-wozku-2016\/#primaryimage"},"thumbnailUrl":"https:\/\/misswheelchairworld.org\/wp-content\/uploads\/2022\/10\/zaw-326-_3_min.jpg","articleSection":["Uncategorized"],"inLanguage":"en-GB"},{"@type":"WebPage","@id":"https:\/\/misswheelchairworld.org\/wybory-miss-polski-na-wozku-2016\/","url":"https:\/\/misswheelchairworld.org\/wybory-miss-polski-na-wozku-2016\/","name":"Wybory Miss Polski na W\u00f3zku 2016 - Miss Wheelchair World","isPartOf":{"@id":"https:\/\/misswheelchairworld.org\/#website"},"primaryImageOfPage":{"@id":"https:\/\/misswheelchairworld.org\/wybory-miss-polski-na-wozku-2016\/#primaryimage"},"image":{"@id":"https:\/\/misswheelchairworld.org\/wybory-miss-polski-na-wozku-2016\/#primaryimage"},"thumbnailUrl":"https:\/\/misswheelchairworld.org\/wp-content\/uploads\/2022\/10\/zaw-326-_3_min.jpg","datePublished":"2016-10-25T00:11:48+00:00","dateModified":"2023-11-02T14:19:00+00:00","breadcrumb":{"@id":"https:\/\/misswheelchairworld.org\/wybory-miss-polski-na-wozku-2016\/#breadcrumb"},"inLanguage":"en-GB","potentialAction":[{"@type":"ReadAction","target":["https:\/\/misswheelchairworld.org\/wybory-miss-polski-na-wozku-2016\/"]}]},{"@type":"ImageObject","inLanguage":"en-GB","@id":"https:\/\/misswheelchairworld.org\/wybory-miss-polski-na-wozku-2016\/#primaryimage","url":"https:\/\/misswheelchairworld.org\/wp-content\/uploads\/2022\/10\/zaw-326-_3_min.jpg","contentUrl":"https:\/\/misswheelchairworld.org\/wp-content\/uploads\/2022\/10\/zaw-326-_3_min.jpg","width":300,"height":200},{"@type":"BreadcrumbList","@id":"https:\/\/misswheelchairworld.org\/wybory-miss-polski-na-wozku-2016\/#breadcrumb","itemListElement":[{"@type":"ListItem","position":1,"name":"Home","item":"https:\/\/misswheelchairworld.org\/"},{"@type":"ListItem","position":2,"name":"Wybory Miss Polski na W\u00f3zku 2016"}]},{"@type":"WebSite","@id":"https:\/\/misswheelchairworld.org\/#website","url":"https:\/\/misswheelchairworld.org\/","name":"Miss Wheelchair World","description":"Miss Wheelchair World","publisher":{"@id":"https:\/\/misswheelchairworld.org\/#organization"},"potentialAction":[{"@type":"SearchAction","target":{"@type":"EntryPoint","urlTemplate":"https:\/\/misswheelchairworld.org\/?s={search_term_string}"},"query-input":{"@type":"PropertyValueSpecification","valueRequired":true,"valueName":"search_term_string"}}],"inLanguage":"en-GB"},{"@type":"Organization","@id":"https:\/\/misswheelchairworld.org\/#organization","name":"Miss Wheelchair World","url":"https:\/\/misswheelchairworld.org\/","logo":{"@type":"ImageObject","inLanguage":"en-GB","@id":"https:\/\/misswheelchairworld.org\/#\/schema\/logo\/image\/","url":"https:\/\/misswheelchairworld.org\/wp-content\/uploads\/2022\/10\/Kopia-logoMWW-angielskie-czyste.png","contentUrl":"https:\/\/misswheelchairworld.org\/wp-content\/uploads\/2022\/10\/Kopia-logoMWW-angielskie-czyste.png","width":4871,"height":1852,"caption":"Miss Wheelchair World"},"image":{"@id":"https:\/\/misswheelchairworld.org\/#\/schema\/logo\/image\/"},"sameAs":["https:\/\/www.facebook.com\/MissWheelchairWorld","https:\/\/x.com\/Jedyna__Taka","https:\/\/www.instagram.com\/misswheelchairworld\/","https:\/\/www.youtube.com\/channel\/UCVaiD9tQULYwtIwQFAyk7zw"]},{"@type":"Person","@id":"https:\/\/misswheelchairworld.org\/#\/schema\/person\/3418b832d7090b25a61cdfbdd6e1005b","name":"gosialis","image":{"@type":"ImageObject","inLanguage":"en-GB","@id":"https:\/\/misswheelchairworld.org\/#\/schema\/person\/image\/","url":"https:\/\/secure.gravatar.com\/avatar\/d32e771e2d111cd51fb159185c23dbcf7416c3fc2cc9aec03b6a21c1e744a7ca?s=96&d=mm&r=g","contentUrl":"https:\/\/secure.gravatar.com\/avatar\/d32e771e2d111cd51fb159185c23dbcf7416c3fc2cc9aec03b6a21c1e744a7ca?s=96&d=mm&r=g","caption":"gosialis"},"sameAs":["https:\/\/misswheelchairworld.org"],"url":"https:\/\/misswheelchairworld.org\/en\/author\/gosialis\/"}]}},"_links":{"self":[{"href":"https:\/\/misswheelchairworld.org\/en\/wp-json\/wp\/v2\/posts\/2318","targetHints":{"allow":["GET"]}}],"collection":[{"href":"https:\/\/misswheelchairworld.org\/en\/wp-json\/wp\/v2\/posts"}],"about":[{"href":"https:\/\/misswheelchairworld.org\/en\/wp-json\/wp\/v2\/types\/post"}],"author":[{"embeddable":true,"href":"https:\/\/misswheelchairworld.org\/en\/wp-json\/wp\/v2\/users\/1"}],"replies":[{"embeddable":true,"href":"https:\/\/misswheelchairworld.org\/en\/wp-json\/wp\/v2\/comments?post=2318"}],"version-history":[{"count":2,"href":"https:\/\/misswheelchairworld.org\/en\/wp-json\/wp\/v2\/posts\/2318\/revisions"}],"predecessor-version":[{"id":5429,"href":"https:\/\/misswheelchairworld.org\/en\/wp-json\/wp\/v2\/posts\/2318\/revisions\/5429"}],"wp:featuredmedia":[{"embeddable":true,"href":"https:\/\/misswheelchairworld.org\/en\/wp-json\/wp\/v2\/media\/2319"}],"wp:attachment":[{"href":"https:\/\/misswheelchairworld.org\/en\/wp-json\/wp\/v2\/media?parent=2318"}],"wp:term":[{"taxonomy":"category","embeddable":true,"href":"https:\/\/misswheelchairworld.org\/en\/wp-json\/wp\/v2\/categories?post=2318"},{"taxonomy":"post_tag","embeddable":true,"href":"https:\/\/misswheelchairworld.org\/en\/wp-json\/wp\/v2\/tags?post=2318"}],"curies":[{"name":"wp","href":"https:\/\/api.w.org\/{rel}","templated":true}]}}