{"id":2327,"date":"2016-10-19T00:36:10","date_gmt":"2016-10-19T00:36:10","guid":{"rendered":"https:\/\/misswheelchairworld.org\/?p=2327"},"modified":"2023-11-02T15:19:20","modified_gmt":"2023-11-02T14:19:20","slug":"wybory-miss-swiata-na-wozku-juz-za-rok-07-10-2017","status":"publish","type":"post","link":"https:\/\/misswheelchairworld.org\/en\/wybory-miss-swiata-na-wozku-juz-za-rok-07-10-2017\/","title":{"rendered":"The Miss Wheelchair World pageant is next year 07.10.2017"},"content":{"rendered":"<style>.kb-row-layout-id2327_1b6a87-1b > .kt-row-column-wrap{align-content:start;}:where(.kb-row-layout-id2327_1b6a87-1b > .kt-row-column-wrap) > .wp-block-kadence-column{justify-content:start;}.kb-row-layout-id2327_1b6a87-1b > .kt-row-column-wrap{column-gap:var(--global-kb-gap-md, 2rem);row-gap:var(--global-kb-gap-md, 2rem);padding-top:70px;padding-bottom:25px;grid-template-columns:minmax(0, calc(40% - ((var(--global-kb-gap-md, 2rem) * 1 )\/2)))minmax(0, calc(60% - ((var(--global-kb-gap-md, 2rem) * 1 )\/2)));}.kb-row-layout-id2327_1b6a87-1b > .kt-row-layout-overlay{opacity:0.30;}@media all and (max-width: 1024px){.kb-row-layout-id2327_1b6a87-1b > .kt-row-column-wrap{grid-template-columns:repeat(2, minmax(0, 1fr));}}@media all and (max-width: 767px){.kb-row-layout-id2327_1b6a87-1b > .kt-row-column-wrap{grid-template-columns:minmax(0, 1fr);}}<\/style><div class=\"kb-row-layout-wrap kb-row-layout-id2327_1b6a87-1b alignnone wp-block-kadence-rowlayout\"><div class=\"kt-row-column-wrap kt-has-2-columns kt-row-layout-equal kt-tab-layout-inherit kt-mobile-layout-row kt-row-valign-top\">\n<style>.kadence-column2327_ad65b4-af > .kt-inside-inner-col,.kadence-column2327_ad65b4-af > .kt-inside-inner-col:before{border-top-left-radius:0px;border-top-right-radius:0px;border-bottom-right-radius:0px;border-bottom-left-radius:0px;}.kadence-column2327_ad65b4-af > .kt-inside-inner-col{column-gap:var(--global-kb-gap-sm, 1rem);}.kadence-column2327_ad65b4-af > .kt-inside-inner-col{flex-direction:column;}.kadence-column2327_ad65b4-af > .kt-inside-inner-col > .aligncenter{width:100%;}.kadence-column2327_ad65b4-af > .kt-inside-inner-col:before{opacity:0.3;}.kadence-column2327_ad65b4-af{position:relative;}@media all and (max-width: 1024px){.kadence-column2327_ad65b4-af > .kt-inside-inner-col{flex-direction:column;justify-content:center;}}@media all and (max-width: 767px){.kadence-column2327_ad65b4-af > .kt-inside-inner-col{flex-direction:column;justify-content:center;}}<\/style>\n<div class=\"wp-block-kadence-column kadence-column2327_ad65b4-af inner-column-1\"><div class=\"kt-inside-inner-col\"><div class=\"wp-block-image\">\n<figure class=\"aligncenter size-full\"><img loading=\"lazy\" decoding=\"async\" width=\"299\" height=\"200\" src=\"https:\/\/misswheelchairworld.org\/wp-content\/uploads\/2022\/10\/ada-baryza_min.jpg\" alt=\"\" class=\"wp-image-2328\" srcset=\"https:\/\/misswheelchairworld.org\/wp-content\/uploads\/2022\/10\/ada-baryza_min.jpg 299w, https:\/\/misswheelchairworld.org\/wp-content\/uploads\/2022\/10\/ada-baryza_min-18x12.jpg 18w\" sizes=\"auto, (max-width: 299px) 100vw, 299px\" \/><\/figure><\/div><\/div><\/div>\n\n\n<style>.kadence-column2327_294597-cc > .kt-inside-inner-col,.kadence-column2327_294597-cc > .kt-inside-inner-col:before{border-top-left-radius:0px;border-top-right-radius:0px;border-bottom-right-radius:0px;border-bottom-left-radius:0px;}.kadence-column2327_294597-cc > .kt-inside-inner-col{column-gap:var(--global-kb-gap-sm, 1rem);}.kadence-column2327_294597-cc > .kt-inside-inner-col{flex-direction:column;}.kadence-column2327_294597-cc > .kt-inside-inner-col > .aligncenter{width:100%;}.kadence-column2327_294597-cc > .kt-inside-inner-col:before{opacity:0.3;}.kadence-column2327_294597-cc{position:relative;}@media all and (max-width: 1024px){.kadence-column2327_294597-cc > .kt-inside-inner-col{flex-direction:column;justify-content:center;}}@media all and (max-width: 767px){.kadence-column2327_294597-cc > .kt-inside-inner-col{flex-direction:column;justify-content:center;}}<\/style>\n<div class=\"wp-block-kadence-column kadence-column2327_294597-cc inner-column-2\"><div class=\"kt-inside-inner-col\"><style>.wp-block-kadence-advancedheading.kt-adv-heading2327_462ce5-b9, .wp-block-kadence-advancedheading.kt-adv-heading2327_462ce5-b9[data-kb-block=\"kb-adv-heading2327_462ce5-b9\"]{font-style:normal;}.wp-block-kadence-advancedheading.kt-adv-heading2327_462ce5-b9 mark.kt-highlight, .wp-block-kadence-advancedheading.kt-adv-heading2327_462ce5-b9[data-kb-block=\"kb-adv-heading2327_462ce5-b9\"] mark.kt-highlight{font-style:normal;color:#f76a0c;-webkit-box-decoration-break:clone;box-decoration-break:clone;padding-top:0px;padding-right:0px;padding-bottom:0px;padding-left:0px;}<\/style>\n<h3 class=\"kt-adv-heading2327_462ce5-b9 wp-block-kadence-advancedheading\" data-kb-block=\"kb-adv-heading2327_462ce5-b9\">The Miss Wheelchair World pageant is next year 07.10.2017<\/h3>\n\n\n\n<p>Dok\u0142adnie za rok 7. pa\u017adziernika 2017 roku pierwsze w historii wybory Miss \u015awiata na W\u00f3zku, kt\u00f3rych organizatorem jest Fundacja Jedyna Taka i Urz\u0105d Miasta Sto\u0142ecznego Warszawy. Wybory Miss \u015awiata na W\u00f3zku to nowatorskie na skal\u0119 \u015bwiatow\u0105 wydarzenie, w trakcie kt\u00f3rego do Polski zjad\u0105 najpi\u0119kniejsze kobiety poruszaj\u0105ce si\u0119 za pomoc\u0105 w\u00f3zka inwalidzkiego z ca\u0142ego \u015bwiata, po to, by powalczy\u0107 o tytu\u0142 Miss \u015awiata na W\u00f3zku<\/p>\n<\/div><\/div>\n\n<\/div><\/div>\n\n<style>.wp-block-kadence-advancedheading.kt-adv-heading2327_4e5ac9-9d, .wp-block-kadence-advancedheading.kt-adv-heading2327_4e5ac9-9d[data-kb-block=\"kb-adv-heading2327_4e5ac9-9d\"]{font-style:normal;}.wp-block-kadence-advancedheading.kt-adv-heading2327_4e5ac9-9d mark.kt-highlight, .wp-block-kadence-advancedheading.kt-adv-heading2327_4e5ac9-9d[data-kb-block=\"kb-adv-heading2327_4e5ac9-9d\"] mark.kt-highlight{font-style:normal;color:#f76a0c;-webkit-box-decoration-break:clone;box-decoration-break:clone;padding-top:0px;padding-right:0px;padding-bottom:0px;padding-left:0px;}<\/style>\n<p class=\"kt-adv-heading2327_4e5ac9-9d wp-block-kadence-advancedheading\" data-kb-block=\"kb-adv-heading2327_4e5ac9-9d\"><strong>Cel&#8230;<\/strong><\/p>\n\n\n<style>.wp-block-kadence-advancedheading.kt-adv-heading2327_fb02b9-dd, .wp-block-kadence-advancedheading.kt-adv-heading2327_fb02b9-dd[data-kb-block=\"kb-adv-heading2327_fb02b9-dd\"]{margin-top:-25px;font-style:normal;}.wp-block-kadence-advancedheading.kt-adv-heading2327_fb02b9-dd mark.kt-highlight, .wp-block-kadence-advancedheading.kt-adv-heading2327_fb02b9-dd[data-kb-block=\"kb-adv-heading2327_fb02b9-dd\"] mark.kt-highlight{font-style:normal;color:#f76a0c;-webkit-box-decoration-break:clone;box-decoration-break:clone;padding-top:0px;padding-right:0px;padding-bottom:0px;padding-left:0px;}<\/style>\n<p class=\"kt-adv-heading2327_fb02b9-dd wp-block-kadence-advancedheading\" data-kb-block=\"kb-adv-heading2327_fb02b9-dd\">G\u0142\u00f3wn\u0105 ide\u0105 tego wydarzenia b\u0119dzie nie tylko integracja \u015brodowisk os\u00f3b z niepe\u0142nosprawno\u015bci\u0105 na ca\u0142ym \u015bwiecie i prze\u0142amywanie barier, ale r\u00f3wnie\u017c mo\u017cliwo\u015b\u0107 pokazania, \u017ce ograniczenia s\u0105 tylko w g\u0142owach, a niepe\u0142nosprawno\u015b\u0107 nie powinna by\u0107 wyznacznikiem cz\u0142owiecze\u0144stwa. Konkurs z pewno\u015bci\u0105 u\u0142atwi r\u00f3wnie\u017c wymian\u0119 informacji dotycz\u0105cych najnowszych osi\u0105gni\u0119\u0107 naukowych i medycznych oraz b\u0119dzie \u015bwietn\u0105 okazj\u0105 do zmiany wizerunku os\u00f3b z niepe\u0142nosprawno\u015bci\u0105 na ca\u0142ym \u015bwiecie.<\/p>\n\n\n<div class=\"wp-block-image\">\n<figure class=\"aligncenter size-large is-resized\"><img loading=\"lazy\" decoding=\"async\" width=\"1024\" height=\"389\" src=\"https:\/\/misswheelchairworld.org\/wp-content\/uploads\/2022\/10\/logoMWW-1024x389.jpg\" alt=\"\" class=\"wp-image-2344\" style=\"width:512px;height:195px\" srcset=\"https:\/\/misswheelchairworld.org\/wp-content\/uploads\/2022\/10\/logoMWW-1024x389.jpg 1024w, https:\/\/misswheelchairworld.org\/wp-content\/uploads\/2022\/10\/logoMWW-300x114.jpg 300w, https:\/\/misswheelchairworld.org\/wp-content\/uploads\/2022\/10\/logoMWW-768x292.jpg 768w, https:\/\/misswheelchairworld.org\/wp-content\/uploads\/2022\/10\/logoMWW-1536x584.jpg 1536w, https:\/\/misswheelchairworld.org\/wp-content\/uploads\/2022\/10\/logoMWW-2048x779.jpg 2048w, https:\/\/misswheelchairworld.org\/wp-content\/uploads\/2022\/10\/logoMWW-18x7.jpg 18w\" sizes=\"auto, (max-width: 1024px) 100vw, 1024px\" \/><\/figure><\/div>\n\n<style>.wp-block-kadence-advancedheading.kt-adv-heading2327_0d605e-d0, .wp-block-kadence-advancedheading.kt-adv-heading2327_0d605e-d0[data-kb-block=\"kb-adv-heading2327_0d605e-d0\"]{font-style:normal;}.wp-block-kadence-advancedheading.kt-adv-heading2327_0d605e-d0 mark.kt-highlight, .wp-block-kadence-advancedheading.kt-adv-heading2327_0d605e-d0[data-kb-block=\"kb-adv-heading2327_0d605e-d0\"] mark.kt-highlight{font-style:normal;color:#f76a0c;-webkit-box-decoration-break:clone;box-decoration-break:clone;padding-top:0px;padding-right:0px;padding-bottom:0px;padding-left:0px;}<\/style>\n<p class=\"kt-adv-heading2327_0d605e-d0 wp-block-kadence-advancedheading\" data-kb-block=\"kb-adv-heading2327_0d605e-d0\"><strong>Umiej\u0119tno\u015bci i do\u015bwiadczenie&#8230;<\/strong><\/p>\n\n\n<style>.wp-block-kadence-advancedheading.kt-adv-heading2327_879b95-08, .wp-block-kadence-advancedheading.kt-adv-heading2327_879b95-08[data-kb-block=\"kb-adv-heading2327_879b95-08\"]{font-style:normal;}.wp-block-kadence-advancedheading.kt-adv-heading2327_879b95-08 mark.kt-highlight, .wp-block-kadence-advancedheading.kt-adv-heading2327_879b95-08[data-kb-block=\"kb-adv-heading2327_879b95-08\"] mark.kt-highlight{font-style:normal;color:#f76a0c;-webkit-box-decoration-break:clone;box-decoration-break:clone;padding-top:0px;padding-right:0px;padding-bottom:0px;padding-left:0px;}<\/style>\n<p class=\"kt-adv-heading2327_879b95-08 wp-block-kadence-advancedheading\" data-kb-block=\"kb-adv-heading2327_879b95-08\">W tym roku byli\u015bmy organizatorem ju\u017c 4.edycji Miss Polski na W\u00f3zku, co pozwoli\u0142o nam zdoby\u0107 jeszcze wi\u0119ksze do\u015bwiadczenie i wiedz\u0119 na temat organizacji konkurs\u00f3w pi\u0119kno\u015bci. Dlatego te\u017c zdecydowali\u015bmy si\u0119 zrobi\u0107 krok naprz\u00f3d i zorganizowa\u0107 wybory, w kt\u00f3rych udzia\u0142 b\u0119d\u0105 mog\u0142y wzi\u0105\u0107 najpi\u0119kniejsze kobiety z ca\u0142ego \u015bwiata, poruszaj\u0105ce si\u0119 za pomoc\u0105 w\u00f3zka inwalidzkiego. Posiadamy niezb\u0119dne umiej\u0119tno\u015bci i kompetencje, dzi\u0119ki kt\u00f3rym czujemy si\u0119 gotowi na organizacj\u0119 wybor\u00f3w Miss \u015awiata na W\u00f3zku.<\/p>\n\n\n<style>.wp-block-kadence-advancedheading.kt-adv-heading2327_3741bb-69, .wp-block-kadence-advancedheading.kt-adv-heading2327_3741bb-69[data-kb-block=\"kb-adv-heading2327_3741bb-69\"]{font-style:normal;}.wp-block-kadence-advancedheading.kt-adv-heading2327_3741bb-69 mark.kt-highlight, .wp-block-kadence-advancedheading.kt-adv-heading2327_3741bb-69[data-kb-block=\"kb-adv-heading2327_3741bb-69\"] mark.kt-highlight{font-style:normal;color:#f76a0c;-webkit-box-decoration-break:clone;box-decoration-break:clone;padding-top:0px;padding-right:0px;padding-bottom:0px;padding-left:0px;}<\/style>\n<p class=\"kt-adv-heading2327_3741bb-69 wp-block-kadence-advancedheading\" data-kb-block=\"kb-adv-heading2327_3741bb-69\"><strong>Ch\u0119\u0107 pomocy&#8230;<\/strong><\/p>\n\n\n\n<p>W Europie jest tylko kilka kraj\u00f3w, w kt\u00f3rych odbywaj\u0105 si\u0119 konkursy pi\u0119kno\u015bci dla kobiet poruszaj\u0105cych si\u0119 na w\u00f3zku inwalidzkim. W zwi\u0105zku z tym nasza organizacja \u2013 Fundacja Jedyna Taka postanowi\u0142a zach\u0119ci\u0107 i nauczy\u0107 inne kraje, jak zorganizowa\u0107 takie wybory u siebie, po to, by za rok i oni mogli wystawi\u0107 swoje przedstawicielki w konkursie Miss \u015awiata na W\u00f3zku w my\u015bl zasady pi\u0119kno bez barier.<\/p>\n\n\n<style>.wp-block-kadence-advancedheading.kt-adv-heading2327_dfb4af-e9, .wp-block-kadence-advancedheading.kt-adv-heading2327_dfb4af-e9[data-kb-block=\"kb-adv-heading2327_dfb4af-e9\"]{font-style:normal;}.wp-block-kadence-advancedheading.kt-adv-heading2327_dfb4af-e9 mark.kt-highlight, .wp-block-kadence-advancedheading.kt-adv-heading2327_dfb4af-e9[data-kb-block=\"kb-adv-heading2327_dfb4af-e9\"] mark.kt-highlight{font-style:normal;color:#f76a0c;-webkit-box-decoration-break:clone;box-decoration-break:clone;padding-top:0px;padding-right:0px;padding-bottom:0px;padding-left:0px;}<\/style>\n<p class=\"kt-adv-heading2327_dfb4af-e9 wp-block-kadence-advancedheading\" data-kb-block=\"kb-adv-heading2327_dfb4af-e9\"><strong>Klip promuj\u0105cy wybory&#8230;<\/strong><\/p>\n\n\n\n<p>W tym celu podczas Warsztat\u00f3w Miss Polski na W\u00f3zku 2016 na terenie przepi\u0119knej Warszawy odby\u0142y si\u0119 nagrania do klipu promuj\u0105cego wybory Miss \u015awiata na W\u00f3zku 2017. Udzia\u0142 w nagraniach wzi\u0119\u0142y tytu\u0142owe Miss Polski na W\u00f3zku z lat 2013-2015, Mister Polski Rafa\u0142 Ma\u015blak oraz modele. Tematem przewodnim klipu by\u0142 motyw \u015blubny i pokazanie, \u017ce niepe\u0142nosprawno\u015b\u0107 nie jest przeszkod\u0105 w mi\u0142o\u015bci i osi\u0105ganiu szcz\u0119\u015bcia, a zapowied\u017a klipu mia\u0142a swoj\u0105 premier\u0119 podczas Gali Fina\u0142owej Miss Polski na W\u00f3zku 2016.<\/p>\n\n\n<style>.wp-block-kadence-advancedgallery.kb-gallery-wrap-id-2327_2791dc-94{overflow:hidden;}.kb-gallery-type-carousel.kb-gallery-id-2327_2791dc-94 .kt-blocks-carousel .kt-blocks-carousel-init:not( .splide-initialized ){margin-left:-0px;margin-right:-0px;}.kb-gallery-type-carousel.kb-gallery-id-2327_2791dc-94 .kt-blocks-carousel .kt-blocks-carousel-init:not( .splide-initialized ) .kb-slide-item{padding-left:0px;padding-right:0px;}.kb-gallery-id-2327_2791dc-94 .kadence-blocks-gallery-item .kb-gal-image-radius, .kb-gallery-id-2327_2791dc-94 .kb-slide-item .kb-gal-image-radius img{border-radius:0px 0px 0px 0px;;}.kb-gallery-wrap-id-2327_2791dc-94.wp-block-kadence-advancedgallery{overflow:visible;}.kb-gallery-wrap-id-2327_2791dc-94.wp-block-kadence-advancedgallery .kt-blocks-carousel{overflow:visible;}<\/style><div class=\"kb-gallery-wrap-id-2327_2791dc-94 alignnone wp-block-kadence-advancedgallery\"><div class=\"kb-gallery-ul kb-gallery-non-static kb-gallery-type-carousel kb-gallery-id-2327_2791dc-94 kb-gallery-caption-style-bottom-hover kb-gallery-filter-none\" data-image-filter=\"none\" data-lightbox-caption=\"true\"><div class=\"kt-blocks-carousel kt-carousel-container-dotstyle-dark\"><div class=\"kt-blocks-carousel-init kb-gallery-carousel kt-carousel-arrowstyle-whiteondark kt-carousel-dotstyle-dark kb-slider-group-arrow kb-slider-arrow-position-center\" data-columns-xxl=\"2\" data-columns-xl=\"2\" data-columns-md=\"2\" data-columns-sm=\"2\" data-columns-xs=\"1\" data-columns-ss=\"1\" data-slider-anim-speed=\"400\" data-slider-scroll=\"1\" data-slider-arrows=\"true\" data-slider-dots=\"true\" data-slider-hover-pause=\"false\" data-slider-auto=\"\" data-slider-speed=\"7000\" data-slider-gap=\"0px\" data-slider-gap-tablet=\"0px\" data-slider-gap-mobile=\"0px\" data-show-pause-button=\"false\" aria-label=\"Photo Gallery Carousel\"><li class=\"kb-slide-item kb-gallery-carousel-item\"><div class=\"kadence-blocks-gallery-item\"><div class=\"kadence-blocks-gallery-item-inner\"><figure class=\"kb-gallery-figure kadence-blocks-gallery-item-hide-caption\"><div class=\"kb-gal-image-radius\"><div class=\"kb-gallery-image-contain kadence-blocks-gallery-intrinsic kb-gallery-image-ratio-inherit kb-has-image-ratio-inherit\" ><img loading=\"lazy\" decoding=\"async\" src=\"https:\/\/misswheelchairworld.org\/wp-content\/uploads\/2022\/10\/Olga-Kamil.jpg\" width=\"534\" height=\"800\" alt=\"\" data-full-image=\"https:\/\/misswheelchairworld.org\/wp-content\/uploads\/2022\/10\/Olga-Kamil.jpg\" data-light-image=\"https:\/\/misswheelchairworld.org\/wp-content\/uploads\/2022\/10\/Olga-Kamil.jpg\" data-id=\"2330\" class=\"wp-image-2330 skip-lazy\" srcset=\"https:\/\/misswheelchairworld.org\/wp-content\/uploads\/2022\/10\/Olga-Kamil.jpg 534w, https:\/\/misswheelchairworld.org\/wp-content\/uploads\/2022\/10\/Olga-Kamil-200x300.jpg 200w, https:\/\/misswheelchairworld.org\/wp-content\/uploads\/2022\/10\/Olga-Kamil-8x12.jpg 8w\" sizes=\"auto, (max-width: 534px) 100vw, 534px\" \/><\/div><\/div><\/figure><\/div><\/div><\/li><li class=\"kb-slide-item kb-gallery-carousel-item\"><div class=\"kadence-blocks-gallery-item\"><div class=\"kadence-blocks-gallery-item-inner\"><figure class=\"kb-gallery-figure kadence-blocks-gallery-item-hide-caption\"><div class=\"kb-gal-image-radius\"><div class=\"kb-gallery-image-contain kadence-blocks-gallery-intrinsic kb-gallery-image-ratio-inherit kb-has-image-ratio-inherit\" ><img loading=\"lazy\" decoding=\"async\" src=\"https:\/\/misswheelchairworld.org\/wp-content\/uploads\/2022\/10\/Kasia-Maslak.jpg\" width=\"534\" height=\"800\" alt=\"\" data-full-image=\"https:\/\/misswheelchairworld.org\/wp-content\/uploads\/2022\/10\/Kasia-Maslak.jpg\" data-light-image=\"https:\/\/misswheelchairworld.org\/wp-content\/uploads\/2022\/10\/Kasia-Maslak.jpg\" data-id=\"2329\" class=\"wp-image-2329 skip-lazy\" srcset=\"https:\/\/misswheelchairworld.org\/wp-content\/uploads\/2022\/10\/Kasia-Maslak.jpg 534w, https:\/\/misswheelchairworld.org\/wp-content\/uploads\/2022\/10\/Kasia-Maslak-200x300.jpg 200w, https:\/\/misswheelchairworld.org\/wp-content\/uploads\/2022\/10\/Kasia-Maslak-8x12.jpg 8w\" sizes=\"auto, (max-width: 534px) 100vw, 534px\" \/><\/div><\/div><\/figure><\/div><\/div><\/li><\/div><\/div><\/div><\/div>\n\n<style>.wp-block-kadence-advancedheading.kt-adv-heading2327_c1f861-42, .wp-block-kadence-advancedheading.kt-adv-heading2327_c1f861-42[data-kb-block=\"kb-adv-heading2327_c1f861-42\"]{font-style:normal;}.wp-block-kadence-advancedheading.kt-adv-heading2327_c1f861-42 mark.kt-highlight, .wp-block-kadence-advancedheading.kt-adv-heading2327_c1f861-42[data-kb-block=\"kb-adv-heading2327_c1f861-42\"] mark.kt-highlight{font-style:normal;color:#f76a0c;-webkit-box-decoration-break:clone;box-decoration-break:clone;padding-top:0px;padding-right:0px;padding-bottom:0px;padding-left:0px;}<\/style>\n<p class=\"kt-adv-heading2327_c1f861-42 wp-block-kadence-advancedheading\" data-kb-block=\"kb-adv-heading2327_c1f861-42\"><strong>Niezwyk\u0142a sesja&#8230;<\/strong><\/p>\n\n\n<style>.wp-block-kadence-advancedheading.kt-adv-heading2327_cfede6-88, .wp-block-kadence-advancedheading.kt-adv-heading2327_cfede6-88[data-kb-block=\"kb-adv-heading2327_cfede6-88\"]{margin-top:-20px;font-style:normal;}.wp-block-kadence-advancedheading.kt-adv-heading2327_cfede6-88 mark.kt-highlight, .wp-block-kadence-advancedheading.kt-adv-heading2327_cfede6-88[data-kb-block=\"kb-adv-heading2327_cfede6-88\"] mark.kt-highlight{font-style:normal;color:#f76a0c;-webkit-box-decoration-break:clone;box-decoration-break:clone;padding-top:0px;padding-right:0px;padding-bottom:0px;padding-left:0px;}<\/style>\n<p class=\"kt-adv-heading2327_cfede6-88 wp-block-kadence-advancedheading\" data-kb-block=\"kb-adv-heading2327_cfede6-88\">Ponadto 6. sierpnia w Warszawie odby\u0142a si\u0119 tak\u017ce sesja zdj\u0119ciowa z udzia\u0142em Adrianny Zawadzi\u0144skiej \u2013 Miss Polski na W\u00f3zku 2016, kt\u00f3ra b\u0119dzie reprezentowa\u0142a nasz kraj na wyborach Miss \u015awiata na W\u00f3zku. W tej wyj\u0105tkowej sesji, kt\u00f3rej byli\u015bmy organizatorami towarzyszy\u0142 jej Micha\u0142 Baryza \u2013 model, finalista czwartej edycji &#8222;Top Model&#8221;. Adrianna i Micha\u0142 pozowali na motocyklu Liberator Harley-Davidson Warszawa i prezentowali si\u0119 na nim naprawd\u0119 rewelacyjnie.<\/p>\n\n\n<div class=\"wp-block-image\">\n<figure class=\"aligncenter size-full is-resized\"><img loading=\"lazy\" decoding=\"async\" width=\"1024\" height=\"683\" src=\"https:\/\/misswheelchairworld.org\/wp-content\/uploads\/2022\/11\/sesja-zdjeciowa.jpg\" alt=\"\" class=\"wp-image-3784\" style=\"width:768px;height:512px\" srcset=\"https:\/\/misswheelchairworld.org\/wp-content\/uploads\/2022\/11\/sesja-zdjeciowa.jpg 1024w, https:\/\/misswheelchairworld.org\/wp-content\/uploads\/2022\/11\/sesja-zdjeciowa-300x200.jpg 300w, https:\/\/misswheelchairworld.org\/wp-content\/uploads\/2022\/11\/sesja-zdjeciowa-768x512.jpg 768w, https:\/\/misswheelchairworld.org\/wp-content\/uploads\/2022\/11\/sesja-zdjeciowa-18x12.jpg 18w\" sizes=\"auto, (max-width: 1024px) 100vw, 1024px\" \/><\/figure><\/div>\n\n\n<p><strong>Zainteresowanie&#8230;<\/strong><\/p>\n\n\n\n<p>Na chwil\u0119 obecn\u0105 mamy ju\u017c dwa kraje Keni\u0119 i Ukrain\u0119, kt\u00f3re s\u0105 zainteresowane organizacj\u0105 wybor\u00f3w Miss na W\u00f3zku u siebie, ale liczymy, \u017ce b\u0119dzie ich zdecydowanie wi\u0119cej. Chcemy promowa\u0107 pi\u0119kno i osobowo\u015b\u0107 kobiet poruszaj\u0105cych si\u0119 za pomoc\u0105 w\u00f3zka inwalidzkiego i mamy nadziej\u0119, \u017ce przy\u0142\u0105cz\u0105 si\u0119 do nas kraje z ca\u0142ego \u015bwiata.<\/p>\n\n\n\n<p><strong>Organizatorzy i partnerzy&#8230;<\/strong><\/p>\n\n\n\n<p>Organizatorem pierwszych w historii wybor\u00f3w Miss Wheelchair World 2017 jest Fundacja Jedyna Taka i Urz\u0105d Miasta Sto\u0142ecznego Warszawy, a w\u015br\u00f3d obecnych partner\u00f3w projektu znajduj\u0105 si\u0119: Quickie, Nowa Scena, SOD \u2013 Pawe\u0142 Janiszewski.<\/p>\n\n\n\n<p><strong>Razem mo\u017cemy wi\u0119cej&#8230;<\/strong><\/p>\n\n\n\n<p>Jeste\u015bmy pewni, \u017ce wsp\u00f3lnymi si\u0142ami mo\u017cemy osi\u0105gn\u0105\u0107 du\u017cy sukces i zorganizowa\u0107 konkurs, kt\u00f3ry nie obejdzie si\u0119 bez echa. Zmierzamy do tego aby ca\u0142e przedsi\u0119wzi\u0119cie odby\u0142o si\u0119 na jak najwy\u017cszym poziomie dlatego te\u017c poszukujemy Partner\u00f3w, kt\u00f3rzy pomog\u0105 w jego organizacji. Osoby zainteresowane pomoc\u0105 proszone s\u0105 o kontakt na adres e-mailowy: fundacja@jedyna-taka.pl lub contact@misswheelchairworld.org. Mamy nadziej\u0119, \u017ce nasza inicjatywa spotka si\u0119 z Pa\u0144stwa zainteresowaniem i zach\u0119ci do wsp\u00f3\u0142pracy z nami i przybycia na Gal\u0119 Fina\u0142ow\u0105 Miss \u015awiata na W\u00f3zku 7.pa\u017adzienirka 2017 roku, na kt\u00f3r\u0105 ju\u017c dzi\u015b serdecznie zapraszamy.<\/p>\n\n\n\n<p><strong>O wyborach&#8230;<\/strong><\/p>\n\n\n\n<p>Zach\u0119camy r\u00f3wnie\u017c do odwiedzenia <a href=\"https:\/\/www.facebook.com\/MissWheelchairWorld\/?fref=ts\">Fanpage&#8217;a Miss \u015awiata na W\u00f3zku<\/a>.&nbsp; <\/p>\n\n\n\n<p><strong>Wsp\u00f3\u0142praca&#8230;<\/strong><\/p>\n\n\n\n<p>Materia\u0142 video promuj\u0105cy wybory Miss \u015awiata na W\u00f3zku na zlecenie Fundacji Jedyna Taka: Sound &amp; Visual Creative Studio Kolbuszowa. Make up: MakeUp Art Marzena Bartosz. W\u0142osy: Akademia Berendowicz &amp; Kublin Warszawa. Suknie \u015blubne: Viola Piekut. Miejsca nagra\u0144: Pa\u0142ac Kultury i Nauki, Miasto Sto\u0142eczne Warszawa oraz Bemowskie Centrum Kultury.<\/p>\n\n\n\n<p><strong>Prze\u017cyjmy to jeszcze raz&#8230;<\/strong><\/p>\n\n\n\n<p>Oficjalnym makija\u017cyst\u0105 Miss Polski na W\u00f3zku jest Perfumerie Douglas Polska. Je\u015bli chcecie zobaczy\u0107 przedsmak tego co dzia\u0142o si\u0119 na Gali Miss Polski na W\u00f3zku&nbsp; 2016 obejrzyjcie klip z tego niezwyk\u0142ego wydarzenia.&nbsp;<\/p>\n\n\n<style>.kb-row-layout-id2327_2ee538-c6 > .kt-row-column-wrap{align-content:start;}:where(.kb-row-layout-id2327_2ee538-c6 > .kt-row-column-wrap) > .wp-block-kadence-column{justify-content:start;}.kb-row-layout-id2327_2ee538-c6 > .kt-row-column-wrap{column-gap:var(--global-kb-gap-md, 2rem);row-gap:var(--global-kb-gap-md, 2rem);padding-top:var(--global-kb-spacing-sm, 1.5rem);padding-bottom:var(--global-kb-spacing-sm, 1.5rem);grid-template-columns:minmax(0, calc(20% - ((var(--global-kb-gap-md, 2rem) * 2 )\/3)))minmax(0, calc(60% - ((var(--global-kb-gap-md, 2rem) * 2 )\/3)))minmax(0, calc(20% - ((var(--global-kb-gap-md, 2rem) * 2 )\/3)));}.kb-row-layout-id2327_2ee538-c6 > .kt-row-layout-overlay{opacity:0.30;}@media all and (max-width: 1024px){.kb-row-layout-id2327_2ee538-c6 > .kt-row-column-wrap > div:not(.added-for-specificity){grid-column:initial;}}@media all and (max-width: 1024px){.kb-row-layout-id2327_2ee538-c6 > .kt-row-column-wrap{grid-template-columns:repeat(3, minmax(0, 1fr));}}@media all and (max-width: 767px){.kb-row-layout-id2327_2ee538-c6 > .kt-row-column-wrap > div:not(.added-for-specificity){grid-column:initial;}.kb-row-layout-id2327_2ee538-c6 > .kt-row-column-wrap{grid-template-columns:minmax(0, 1fr);}}<\/style><div class=\"kb-row-layout-wrap kb-row-layout-id2327_2ee538-c6 alignnone wp-block-kadence-rowlayout\"><div class=\"kt-row-column-wrap kt-has-3-columns kt-row-layout-equal kt-tab-layout-inherit kt-mobile-layout-row kt-row-valign-top\">\n<style>.kadence-column2327_0d3f32-e4 > .kt-inside-inner-col,.kadence-column2327_0d3f32-e4 > .kt-inside-inner-col:before{border-top-left-radius:0px;border-top-right-radius:0px;border-bottom-right-radius:0px;border-bottom-left-radius:0px;}.kadence-column2327_0d3f32-e4 > .kt-inside-inner-col{column-gap:var(--global-kb-gap-sm, 1rem);}.kadence-column2327_0d3f32-e4 > .kt-inside-inner-col{flex-direction:column;}.kadence-column2327_0d3f32-e4 > .kt-inside-inner-col > .aligncenter{width:100%;}.kadence-column2327_0d3f32-e4 > .kt-inside-inner-col:before{opacity:0.3;}.kadence-column2327_0d3f32-e4{position:relative;}@media all and (max-width: 1024px){.kadence-column2327_0d3f32-e4 > .kt-inside-inner-col{flex-direction:column;justify-content:center;}}@media all and (max-width: 767px){.kadence-column2327_0d3f32-e4 > .kt-inside-inner-col{flex-direction:column;justify-content:center;}}<\/style>\n<div class=\"wp-block-kadence-column kadence-column2327_0d3f32-e4 inner-column-1\"><div class=\"kt-inside-inner-col\"><\/div><\/div>\n\n\n<style>.kadence-column2327_f640be-ac > .kt-inside-inner-col,.kadence-column2327_f640be-ac > .kt-inside-inner-col:before{border-top-left-radius:0px;border-top-right-radius:0px;border-bottom-right-radius:0px;border-bottom-left-radius:0px;}.kadence-column2327_f640be-ac > .kt-inside-inner-col{column-gap:var(--global-kb-gap-sm, 1rem);}.kadence-column2327_f640be-ac > .kt-inside-inner-col{flex-direction:column;}.kadence-column2327_f640be-ac > .kt-inside-inner-col > .aligncenter{width:100%;}.kadence-column2327_f640be-ac > .kt-inside-inner-col:before{opacity:0.3;}.kadence-column2327_f640be-ac{position:relative;}@media all and (max-width: 1024px){.kadence-column2327_f640be-ac > .kt-inside-inner-col{flex-direction:column;justify-content:center;}}@media all and (max-width: 767px){.kadence-column2327_f640be-ac > .kt-inside-inner-col{flex-direction:column;justify-content:center;}}<\/style>\n<div class=\"wp-block-kadence-column kadence-column2327_f640be-ac inner-column-2\"><div class=\"kt-inside-inner-col\">\n<figure class=\"wp-block-embed is-type-video is-provider-youtube wp-block-embed-youtube wp-embed-aspect-16-9 wp-has-aspect-ratio\"><div class=\"wp-block-embed__wrapper\">\n<iframe loading=\"lazy\" title=\"Never give up! Miss Poland wheelchair 2016 Final Gala Warsaw\" width=\"720\" height=\"405\" src=\"https:\/\/www.youtube.com\/embed\/UPztGLz3-Uw?feature=oembed\" frameborder=\"0\" allow=\"accelerometer; autoplay; clipboard-write; encrypted-media; gyroscope; picture-in-picture; web-share\" allowfullscreen><\/iframe>\n<\/div><\/figure>\n<\/div><\/div>\n\n\n<style>.kadence-column2327_274696-17 > .kt-inside-inner-col,.kadence-column2327_274696-17 > .kt-inside-inner-col:before{border-top-left-radius:0px;border-top-right-radius:0px;border-bottom-right-radius:0px;border-bottom-left-radius:0px;}.kadence-column2327_274696-17 > .kt-inside-inner-col{column-gap:var(--global-kb-gap-sm, 1rem);}.kadence-column2327_274696-17 > .kt-inside-inner-col{flex-direction:column;}.kadence-column2327_274696-17 > .kt-inside-inner-col > .aligncenter{width:100%;}.kadence-column2327_274696-17 > .kt-inside-inner-col:before{opacity:0.3;}.kadence-column2327_274696-17{position:relative;}@media all and (max-width: 1024px){.kadence-column2327_274696-17 > .kt-inside-inner-col{flex-direction:column;justify-content:center;}}@media all and (max-width: 767px){.kadence-column2327_274696-17 > .kt-inside-inner-col{flex-direction:column;justify-content:center;}}<\/style>\n<div class=\"wp-block-kadence-column kadence-column2327_274696-17 inner-column-3\"><div class=\"kt-inside-inner-col\"><\/div><\/div>\n\n<\/div><\/div>","protected":false},"excerpt":{"rendered":"<p>Wybory Miss \u015awiata na W\u00f3zku ju\u017c za rok 07.10.2017 Dok\u0142adnie za rok 7. pa\u017adziernika 2017 roku pierwsze w historii wybory Miss \u015awiata na W\u00f3zku, kt\u00f3rych organizatorem jest Fundacja Jedyna Taka i Urz\u0105d Miasta Sto\u0142ecznego Warszawy. Wybory Miss \u015awiata na W\u00f3zku to nowatorskie na skal\u0119 \u015bwiatow\u0105 wydarzenie, w trakcie kt\u00f3rego do Polski zjad\u0105 najpi\u0119kniejsze kobiety poruszaj\u0105ce&#8230;<\/p>","protected":false},"author":1,"featured_media":2328,"comment_status":"closed","ping_status":"open","sticky":false,"template":"","format":"standard","meta":{"_kad_post_transparent":"","_kad_post_title":"hide","_kad_post_layout":"normal","_kad_post_sidebar_id":"","_kad_post_content_style":"unboxed","_kad_post_vertical_padding":"hide","_kad_post_feature":"","_kad_post_feature_position":"","_kad_post_header":false,"_kad_post_footer":false,"_kad_post_classname":"","footnotes":""},"categories":[1],"tags":[],"class_list":["post-2327","post","type-post","status-publish","format-standard","has-post-thumbnail","hentry","category-uncategorized"],"yoast_head":"<!-- This site is optimized with the Yoast SEO plugin v26.3 - https:\/\/yoast.com\/wordpress\/plugins\/seo\/ -->\n<title>Wybory Miss \u015awiata na W\u00f3zku ju\u017c za rok 07.10.2017 - Miss Wheelchair World<\/title>\n<meta name=\"robots\" content=\"index, follow, max-snippet:-1, max-image-preview:large, max-video-preview:-1\" \/>\n<link rel=\"canonical\" href=\"https:\/\/misswheelchairworld.org\/en\/wybory-miss-swiata-na-wozku-juz-za-rok-07-10-2017\/\" \/>\n<meta property=\"og:locale\" content=\"en_GB\" \/>\n<meta property=\"og:type\" content=\"article\" \/>\n<meta property=\"og:title\" content=\"Wybory Miss \u015awiata na W\u00f3zku ju\u017c za rok 07.10.2017 - Miss Wheelchair World\" \/>\n<meta property=\"og:description\" content=\"Wybory Miss \u015awiata na W\u00f3zku ju\u017c za rok 07.10.2017 Dok\u0142adnie za rok 7. pa\u017adziernika 2017 roku pierwsze w historii wybory Miss \u015awiata na W\u00f3zku, kt\u00f3rych organizatorem jest Fundacja Jedyna Taka i Urz\u0105d Miasta Sto\u0142ecznego Warszawy. Wybory Miss \u015awiata na W\u00f3zku to nowatorskie na skal\u0119 \u015bwiatow\u0105 wydarzenie, w trakcie kt\u00f3rego do Polski zjad\u0105 najpi\u0119kniejsze kobiety poruszaj\u0105ce...\" \/>\n<meta property=\"og:url\" content=\"https:\/\/misswheelchairworld.org\/en\/wybory-miss-swiata-na-wozku-juz-za-rok-07-10-2017\/\" \/>\n<meta property=\"og:site_name\" content=\"Miss Wheelchair World\" \/>\n<meta property=\"article:publisher\" content=\"https:\/\/www.facebook.com\/MissWheelchairWorld\" \/>\n<meta property=\"article:published_time\" content=\"2016-10-19T00:36:10+00:00\" \/>\n<meta property=\"article:modified_time\" content=\"2023-11-02T14:19:20+00:00\" \/>\n<meta property=\"og:image\" content=\"https:\/\/misswheelchairworld.org\/wp-content\/uploads\/2022\/10\/ada-baryza_min.jpg\" \/>\n\t<meta property=\"og:image:width\" content=\"299\" \/>\n\t<meta property=\"og:image:height\" content=\"200\" \/>\n\t<meta property=\"og:image:type\" content=\"image\/jpeg\" \/>\n<meta name=\"author\" content=\"gosialis\" \/>\n<meta name=\"twitter:card\" content=\"summary_large_image\" \/>\n<meta name=\"twitter:creator\" content=\"@Jedyna__Taka\" \/>\n<meta name=\"twitter:site\" content=\"@Jedyna__Taka\" \/>\n<meta name=\"twitter:label1\" content=\"Written by\" \/>\n\t<meta name=\"twitter:data1\" content=\"gosialis\" \/>\n\t<meta name=\"twitter:label2\" content=\"Estimated reading time\" \/>\n\t<meta name=\"twitter:data2\" content=\"5 minutes\" \/>\n<script type=\"application\/ld+json\" class=\"yoast-schema-graph\">{\"@context\":\"https:\/\/schema.org\",\"@graph\":[{\"@type\":\"Article\",\"@id\":\"https:\/\/misswheelchairworld.org\/wybory-miss-swiata-na-wozku-juz-za-rok-07-10-2017\/#article\",\"isPartOf\":{\"@id\":\"https:\/\/misswheelchairworld.org\/wybory-miss-swiata-na-wozku-juz-za-rok-07-10-2017\/\"},\"author\":{\"name\":\"gosialis\",\"@id\":\"https:\/\/misswheelchairworld.org\/#\/schema\/person\/3418b832d7090b25a61cdfbdd6e1005b\"},\"headline\":\"Wybory Miss \u015awiata na W\u00f3zku ju\u017c za rok 07.10.2017\",\"datePublished\":\"2016-10-19T00:36:10+00:00\",\"dateModified\":\"2023-11-02T14:19:20+00:00\",\"mainEntityOfPage\":{\"@id\":\"https:\/\/misswheelchairworld.org\/wybory-miss-swiata-na-wozku-juz-za-rok-07-10-2017\/\"},\"wordCount\":861,\"publisher\":{\"@id\":\"https:\/\/misswheelchairworld.org\/#organization\"},\"image\":{\"@id\":\"https:\/\/misswheelchairworld.org\/wybory-miss-swiata-na-wozku-juz-za-rok-07-10-2017\/#primaryimage\"},\"thumbnailUrl\":\"https:\/\/misswheelchairworld.org\/wp-content\/uploads\/2022\/10\/ada-baryza_min.jpg\",\"articleSection\":[\"Uncategorized\"],\"inLanguage\":\"en-GB\"},{\"@type\":\"WebPage\",\"@id\":\"https:\/\/misswheelchairworld.org\/wybory-miss-swiata-na-wozku-juz-za-rok-07-10-2017\/\",\"url\":\"https:\/\/misswheelchairworld.org\/wybory-miss-swiata-na-wozku-juz-za-rok-07-10-2017\/\",\"name\":\"Wybory Miss \u015awiata na W\u00f3zku ju\u017c za rok 07.10.2017 - Miss Wheelchair World\",\"isPartOf\":{\"@id\":\"https:\/\/misswheelchairworld.org\/#website\"},\"primaryImageOfPage\":{\"@id\":\"https:\/\/misswheelchairworld.org\/wybory-miss-swiata-na-wozku-juz-za-rok-07-10-2017\/#primaryimage\"},\"image\":{\"@id\":\"https:\/\/misswheelchairworld.org\/wybory-miss-swiata-na-wozku-juz-za-rok-07-10-2017\/#primaryimage\"},\"thumbnailUrl\":\"https:\/\/misswheelchairworld.org\/wp-content\/uploads\/2022\/10\/ada-baryza_min.jpg\",\"datePublished\":\"2016-10-19T00:36:10+00:00\",\"dateModified\":\"2023-11-02T14:19:20+00:00\",\"breadcrumb\":{\"@id\":\"https:\/\/misswheelchairworld.org\/wybory-miss-swiata-na-wozku-juz-za-rok-07-10-2017\/#breadcrumb\"},\"inLanguage\":\"en-GB\",\"potentialAction\":[{\"@type\":\"ReadAction\",\"target\":[\"https:\/\/misswheelchairworld.org\/wybory-miss-swiata-na-wozku-juz-za-rok-07-10-2017\/\"]}]},{\"@type\":\"ImageObject\",\"inLanguage\":\"en-GB\",\"@id\":\"https:\/\/misswheelchairworld.org\/wybory-miss-swiata-na-wozku-juz-za-rok-07-10-2017\/#primaryimage\",\"url\":\"https:\/\/misswheelchairworld.org\/wp-content\/uploads\/2022\/10\/ada-baryza_min.jpg\",\"contentUrl\":\"https:\/\/misswheelchairworld.org\/wp-content\/uploads\/2022\/10\/ada-baryza_min.jpg\",\"width\":299,\"height\":200},{\"@type\":\"BreadcrumbList\",\"@id\":\"https:\/\/misswheelchairworld.org\/wybory-miss-swiata-na-wozku-juz-za-rok-07-10-2017\/#breadcrumb\",\"itemListElement\":[{\"@type\":\"ListItem\",\"position\":1,\"name\":\"Home\",\"item\":\"https:\/\/misswheelchairworld.org\/\"},{\"@type\":\"ListItem\",\"position\":2,\"name\":\"Wybory Miss \u015awiata na W\u00f3zku ju\u017c za rok 07.10.2017\"}]},{\"@type\":\"WebSite\",\"@id\":\"https:\/\/misswheelchairworld.org\/#website\",\"url\":\"https:\/\/misswheelchairworld.org\/\",\"name\":\"Miss Wheelchair World\",\"description\":\"Miss Wheelchair World\",\"publisher\":{\"@id\":\"https:\/\/misswheelchairworld.org\/#organization\"},\"potentialAction\":[{\"@type\":\"SearchAction\",\"target\":{\"@type\":\"EntryPoint\",\"urlTemplate\":\"https:\/\/misswheelchairworld.org\/?s={search_term_string}\"},\"query-input\":{\"@type\":\"PropertyValueSpecification\",\"valueRequired\":true,\"valueName\":\"search_term_string\"}}],\"inLanguage\":\"en-GB\"},{\"@type\":\"Organization\",\"@id\":\"https:\/\/misswheelchairworld.org\/#organization\",\"name\":\"Miss Wheelchair World\",\"url\":\"https:\/\/misswheelchairworld.org\/\",\"logo\":{\"@type\":\"ImageObject\",\"inLanguage\":\"en-GB\",\"@id\":\"https:\/\/misswheelchairworld.org\/#\/schema\/logo\/image\/\",\"url\":\"https:\/\/misswheelchairworld.org\/wp-content\/uploads\/2022\/10\/Kopia-logoMWW-angielskie-czyste.png\",\"contentUrl\":\"https:\/\/misswheelchairworld.org\/wp-content\/uploads\/2022\/10\/Kopia-logoMWW-angielskie-czyste.png\",\"width\":4871,\"height\":1852,\"caption\":\"Miss Wheelchair World\"},\"image\":{\"@id\":\"https:\/\/misswheelchairworld.org\/#\/schema\/logo\/image\/\"},\"sameAs\":[\"https:\/\/www.facebook.com\/MissWheelchairWorld\",\"https:\/\/x.com\/Jedyna__Taka\",\"https:\/\/www.instagram.com\/misswheelchairworld\/\",\"https:\/\/www.youtube.com\/channel\/UCVaiD9tQULYwtIwQFAyk7zw\"]},{\"@type\":\"Person\",\"@id\":\"https:\/\/misswheelchairworld.org\/#\/schema\/person\/3418b832d7090b25a61cdfbdd6e1005b\",\"name\":\"gosialis\",\"image\":{\"@type\":\"ImageObject\",\"inLanguage\":\"en-GB\",\"@id\":\"https:\/\/misswheelchairworld.org\/#\/schema\/person\/image\/\",\"url\":\"https:\/\/secure.gravatar.com\/avatar\/d32e771e2d111cd51fb159185c23dbcf7416c3fc2cc9aec03b6a21c1e744a7ca?s=96&d=mm&r=g\",\"contentUrl\":\"https:\/\/secure.gravatar.com\/avatar\/d32e771e2d111cd51fb159185c23dbcf7416c3fc2cc9aec03b6a21c1e744a7ca?s=96&d=mm&r=g\",\"caption\":\"gosialis\"},\"sameAs\":[\"https:\/\/misswheelchairworld.org\"],\"url\":\"https:\/\/misswheelchairworld.org\/en\/author\/gosialis\/\"}]}<\/script>\n<!-- \/ Yoast SEO plugin. -->","yoast_head_json":{"title":"Wybory Miss \u015awiata na W\u00f3zku ju\u017c za rok 07.10.2017 - Miss Wheelchair World","robots":{"index":"index","follow":"follow","max-snippet":"max-snippet:-1","max-image-preview":"max-image-preview:large","max-video-preview":"max-video-preview:-1"},"canonical":"https:\/\/misswheelchairworld.org\/en\/wybory-miss-swiata-na-wozku-juz-za-rok-07-10-2017\/","og_locale":"en_GB","og_type":"article","og_title":"Wybory Miss \u015awiata na W\u00f3zku ju\u017c za rok 07.10.2017 - Miss Wheelchair World","og_description":"Wybory Miss \u015awiata na W\u00f3zku ju\u017c za rok 07.10.2017 Dok\u0142adnie za rok 7. pa\u017adziernika 2017 roku pierwsze w historii wybory Miss \u015awiata na W\u00f3zku, kt\u00f3rych organizatorem jest Fundacja Jedyna Taka i Urz\u0105d Miasta Sto\u0142ecznego Warszawy. Wybory Miss \u015awiata na W\u00f3zku to nowatorskie na skal\u0119 \u015bwiatow\u0105 wydarzenie, w trakcie kt\u00f3rego do Polski zjad\u0105 najpi\u0119kniejsze kobiety poruszaj\u0105ce...","og_url":"https:\/\/misswheelchairworld.org\/en\/wybory-miss-swiata-na-wozku-juz-za-rok-07-10-2017\/","og_site_name":"Miss Wheelchair World","article_publisher":"https:\/\/www.facebook.com\/MissWheelchairWorld","article_published_time":"2016-10-19T00:36:10+00:00","article_modified_time":"2023-11-02T14:19:20+00:00","og_image":[{"width":299,"height":200,"url":"https:\/\/misswheelchairworld.org\/wp-content\/uploads\/2022\/10\/ada-baryza_min.jpg","type":"image\/jpeg"}],"author":"gosialis","twitter_card":"summary_large_image","twitter_creator":"@Jedyna__Taka","twitter_site":"@Jedyna__Taka","twitter_misc":{"Written by":"gosialis","Estimated reading time":"5 minutes"},"schema":{"@context":"https:\/\/schema.org","@graph":[{"@type":"Article","@id":"https:\/\/misswheelchairworld.org\/wybory-miss-swiata-na-wozku-juz-za-rok-07-10-2017\/#article","isPartOf":{"@id":"https:\/\/misswheelchairworld.org\/wybory-miss-swiata-na-wozku-juz-za-rok-07-10-2017\/"},"author":{"name":"gosialis","@id":"https:\/\/misswheelchairworld.org\/#\/schema\/person\/3418b832d7090b25a61cdfbdd6e1005b"},"headline":"Wybory Miss \u015awiata na W\u00f3zku ju\u017c za rok 07.10.2017","datePublished":"2016-10-19T00:36:10+00:00","dateModified":"2023-11-02T14:19:20+00:00","mainEntityOfPage":{"@id":"https:\/\/misswheelchairworld.org\/wybory-miss-swiata-na-wozku-juz-za-rok-07-10-2017\/"},"wordCount":861,"publisher":{"@id":"https:\/\/misswheelchairworld.org\/#organization"},"image":{"@id":"https:\/\/misswheelchairworld.org\/wybory-miss-swiata-na-wozku-juz-za-rok-07-10-2017\/#primaryimage"},"thumbnailUrl":"https:\/\/misswheelchairworld.org\/wp-content\/uploads\/2022\/10\/ada-baryza_min.jpg","articleSection":["Uncategorized"],"inLanguage":"en-GB"},{"@type":"WebPage","@id":"https:\/\/misswheelchairworld.org\/wybory-miss-swiata-na-wozku-juz-za-rok-07-10-2017\/","url":"https:\/\/misswheelchairworld.org\/wybory-miss-swiata-na-wozku-juz-za-rok-07-10-2017\/","name":"Wybory Miss \u015awiata na W\u00f3zku ju\u017c za rok 07.10.2017 - Miss Wheelchair World","isPartOf":{"@id":"https:\/\/misswheelchairworld.org\/#website"},"primaryImageOfPage":{"@id":"https:\/\/misswheelchairworld.org\/wybory-miss-swiata-na-wozku-juz-za-rok-07-10-2017\/#primaryimage"},"image":{"@id":"https:\/\/misswheelchairworld.org\/wybory-miss-swiata-na-wozku-juz-za-rok-07-10-2017\/#primaryimage"},"thumbnailUrl":"https:\/\/misswheelchairworld.org\/wp-content\/uploads\/2022\/10\/ada-baryza_min.jpg","datePublished":"2016-10-19T00:36:10+00:00","dateModified":"2023-11-02T14:19:20+00:00","breadcrumb":{"@id":"https:\/\/misswheelchairworld.org\/wybory-miss-swiata-na-wozku-juz-za-rok-07-10-2017\/#breadcrumb"},"inLanguage":"en-GB","potentialAction":[{"@type":"ReadAction","target":["https:\/\/misswheelchairworld.org\/wybory-miss-swiata-na-wozku-juz-za-rok-07-10-2017\/"]}]},{"@type":"ImageObject","inLanguage":"en-GB","@id":"https:\/\/misswheelchairworld.org\/wybory-miss-swiata-na-wozku-juz-za-rok-07-10-2017\/#primaryimage","url":"https:\/\/misswheelchairworld.org\/wp-content\/uploads\/2022\/10\/ada-baryza_min.jpg","contentUrl":"https:\/\/misswheelchairworld.org\/wp-content\/uploads\/2022\/10\/ada-baryza_min.jpg","width":299,"height":200},{"@type":"BreadcrumbList","@id":"https:\/\/misswheelchairworld.org\/wybory-miss-swiata-na-wozku-juz-za-rok-07-10-2017\/#breadcrumb","itemListElement":[{"@type":"ListItem","position":1,"name":"Home","item":"https:\/\/misswheelchairworld.org\/"},{"@type":"ListItem","position":2,"name":"Wybory Miss \u015awiata na W\u00f3zku ju\u017c za rok 07.10.2017"}]},{"@type":"WebSite","@id":"https:\/\/misswheelchairworld.org\/#website","url":"https:\/\/misswheelchairworld.org\/","name":"Miss Wheelchair World","description":"Miss Wheelchair World","publisher":{"@id":"https:\/\/misswheelchairworld.org\/#organization"},"potentialAction":[{"@type":"SearchAction","target":{"@type":"EntryPoint","urlTemplate":"https:\/\/misswheelchairworld.org\/?s={search_term_string}"},"query-input":{"@type":"PropertyValueSpecification","valueRequired":true,"valueName":"search_term_string"}}],"inLanguage":"en-GB"},{"@type":"Organization","@id":"https:\/\/misswheelchairworld.org\/#organization","name":"Miss Wheelchair World","url":"https:\/\/misswheelchairworld.org\/","logo":{"@type":"ImageObject","inLanguage":"en-GB","@id":"https:\/\/misswheelchairworld.org\/#\/schema\/logo\/image\/","url":"https:\/\/misswheelchairworld.org\/wp-content\/uploads\/2022\/10\/Kopia-logoMWW-angielskie-czyste.png","contentUrl":"https:\/\/misswheelchairworld.org\/wp-content\/uploads\/2022\/10\/Kopia-logoMWW-angielskie-czyste.png","width":4871,"height":1852,"caption":"Miss Wheelchair World"},"image":{"@id":"https:\/\/misswheelchairworld.org\/#\/schema\/logo\/image\/"},"sameAs":["https:\/\/www.facebook.com\/MissWheelchairWorld","https:\/\/x.com\/Jedyna__Taka","https:\/\/www.instagram.com\/misswheelchairworld\/","https:\/\/www.youtube.com\/channel\/UCVaiD9tQULYwtIwQFAyk7zw"]},{"@type":"Person","@id":"https:\/\/misswheelchairworld.org\/#\/schema\/person\/3418b832d7090b25a61cdfbdd6e1005b","name":"gosialis","image":{"@type":"ImageObject","inLanguage":"en-GB","@id":"https:\/\/misswheelchairworld.org\/#\/schema\/person\/image\/","url":"https:\/\/secure.gravatar.com\/avatar\/d32e771e2d111cd51fb159185c23dbcf7416c3fc2cc9aec03b6a21c1e744a7ca?s=96&d=mm&r=g","contentUrl":"https:\/\/secure.gravatar.com\/avatar\/d32e771e2d111cd51fb159185c23dbcf7416c3fc2cc9aec03b6a21c1e744a7ca?s=96&d=mm&r=g","caption":"gosialis"},"sameAs":["https:\/\/misswheelchairworld.org"],"url":"https:\/\/misswheelchairworld.org\/en\/author\/gosialis\/"}]}},"_links":{"self":[{"href":"https:\/\/misswheelchairworld.org\/en\/wp-json\/wp\/v2\/posts\/2327","targetHints":{"allow":["GET"]}}],"collection":[{"href":"https:\/\/misswheelchairworld.org\/en\/wp-json\/wp\/v2\/posts"}],"about":[{"href":"https:\/\/misswheelchairworld.org\/en\/wp-json\/wp\/v2\/types\/post"}],"author":[{"embeddable":true,"href":"https:\/\/misswheelchairworld.org\/en\/wp-json\/wp\/v2\/users\/1"}],"replies":[{"embeddable":true,"href":"https:\/\/misswheelchairworld.org\/en\/wp-json\/wp\/v2\/comments?post=2327"}],"version-history":[{"count":2,"href":"https:\/\/misswheelchairworld.org\/en\/wp-json\/wp\/v2\/posts\/2327\/revisions"}],"predecessor-version":[{"id":5430,"href":"https:\/\/misswheelchairworld.org\/en\/wp-json\/wp\/v2\/posts\/2327\/revisions\/5430"}],"wp:featuredmedia":[{"embeddable":true,"href":"https:\/\/misswheelchairworld.org\/en\/wp-json\/wp\/v2\/media\/2328"}],"wp:attachment":[{"href":"https:\/\/misswheelchairworld.org\/en\/wp-json\/wp\/v2\/media?parent=2327"}],"wp:term":[{"taxonomy":"category","embeddable":true,"href":"https:\/\/misswheelchairworld.org\/en\/wp-json\/wp\/v2\/categories?post=2327"},{"taxonomy":"post_tag","embeddable":true,"href":"https:\/\/misswheelchairworld.org\/en\/wp-json\/wp\/v2\/tags?post=2327"}],"curies":[{"name":"wp","href":"https:\/\/api.w.org\/{rel}","templated":true}]}}