{"id":2347,"date":"2016-09-30T08:33:44","date_gmt":"2016-09-30T08:33:44","guid":{"rendered":"https:\/\/misswheelchairworld.org\/?p=2347"},"modified":"2023-11-02T15:21:04","modified_gmt":"2023-11-02T14:21:04","slug":"2347","status":"publish","type":"post","link":"https:\/\/misswheelchairworld.org\/en\/2347\/","title":{"rendered":"Clip promoting Miss Wheelchair World"},"content":{"rendered":"<style>.kb-row-layout-id2347_c77082-0b > .kt-row-column-wrap{align-content:start;}:where(.kb-row-layout-id2347_c77082-0b > .kt-row-column-wrap) > .wp-block-kadence-column{justify-content:start;}.kb-row-layout-id2347_c77082-0b > .kt-row-column-wrap{column-gap:var(--global-kb-gap-md, 2rem);row-gap:var(--global-kb-gap-md, 2rem);padding-top:50px;padding-bottom:25px;grid-template-columns:minmax(0, calc(40% - ((var(--global-kb-gap-md, 2rem) * 1 )\/2)))minmax(0, calc(60% - ((var(--global-kb-gap-md, 2rem) * 1 )\/2)));}.kb-row-layout-id2347_c77082-0b > .kt-row-layout-overlay{opacity:0.30;}@media all and (max-width: 1024px){.kb-row-layout-id2347_c77082-0b > .kt-row-column-wrap{grid-template-columns:repeat(2, minmax(0, 1fr));}}@media all and (max-width: 767px){.kb-row-layout-id2347_c77082-0b > .kt-row-column-wrap{grid-template-columns:minmax(0, 1fr);}}<\/style><div class=\"kb-row-layout-wrap kb-row-layout-id2347_c77082-0b alignnone wp-block-kadence-rowlayout\"><div class=\"kt-row-column-wrap kt-has-2-columns kt-row-layout-equal kt-tab-layout-inherit kt-mobile-layout-row kt-row-valign-top\">\n<style>.kadence-column2347_fcf380-d9 > .kt-inside-inner-col,.kadence-column2347_fcf380-d9 > .kt-inside-inner-col:before{border-top-left-radius:0px;border-top-right-radius:0px;border-bottom-right-radius:0px;border-bottom-left-radius:0px;}.kadence-column2347_fcf380-d9 > .kt-inside-inner-col{column-gap:var(--global-kb-gap-sm, 1rem);}.kadence-column2347_fcf380-d9 > .kt-inside-inner-col{flex-direction:column;}.kadence-column2347_fcf380-d9 > .kt-inside-inner-col > .aligncenter{width:100%;}.kadence-column2347_fcf380-d9 > .kt-inside-inner-col:before{opacity:0.3;}.kadence-column2347_fcf380-d9{position:relative;}@media all and (max-width: 1024px){.kadence-column2347_fcf380-d9 > .kt-inside-inner-col{flex-direction:column;justify-content:center;}}@media all and (max-width: 767px){.kadence-column2347_fcf380-d9 > .kt-inside-inner-col{flex-direction:column;justify-content:center;}}<\/style>\n<div class=\"wp-block-kadence-column kadence-column2347_fcf380-d9 inner-column-1\"><div class=\"kt-inside-inner-col\"><div class=\"wp-block-image\">\n<figure class=\"aligncenter size-full\"><img loading=\"lazy\" decoding=\"async\" width=\"400\" height=\"200\" src=\"https:\/\/misswheelchairworld.org\/wp-content\/uploads\/2022\/10\/slubne_2_min.jpg\" alt=\"\" class=\"wp-image-2350\" srcset=\"https:\/\/misswheelchairworld.org\/wp-content\/uploads\/2022\/10\/slubne_2_min.jpg 400w, https:\/\/misswheelchairworld.org\/wp-content\/uploads\/2022\/10\/slubne_2_min-300x150.jpg 300w, https:\/\/misswheelchairworld.org\/wp-content\/uploads\/2022\/10\/slubne_2_min-18x9.jpg 18w\" sizes=\"auto, (max-width: 400px) 100vw, 400px\" \/><\/figure><\/div><\/div><\/div>\n\n\n<style>.kadence-column2347_097381-45 > .kt-inside-inner-col,.kadence-column2347_097381-45 > .kt-inside-inner-col:before{border-top-left-radius:0px;border-top-right-radius:0px;border-bottom-right-radius:0px;border-bottom-left-radius:0px;}.kadence-column2347_097381-45 > .kt-inside-inner-col{column-gap:var(--global-kb-gap-sm, 1rem);}.kadence-column2347_097381-45 > .kt-inside-inner-col{flex-direction:column;}.kadence-column2347_097381-45 > .kt-inside-inner-col > .aligncenter{width:100%;}.kadence-column2347_097381-45 > .kt-inside-inner-col:before{opacity:0.3;}.kadence-column2347_097381-45{position:relative;}@media all and (max-width: 1024px){.kadence-column2347_097381-45 > .kt-inside-inner-col{flex-direction:column;justify-content:center;}}@media all and (max-width: 767px){.kadence-column2347_097381-45 > .kt-inside-inner-col{flex-direction:column;justify-content:center;}}<\/style>\n<div class=\"wp-block-kadence-column kadence-column2347_097381-45 inner-column-2\"><div class=\"kt-inside-inner-col\"><style>.wp-block-kadence-advancedheading.kt-adv-heading2347_81aad0-0a, .wp-block-kadence-advancedheading.kt-adv-heading2347_81aad0-0a[data-kb-block=\"kb-adv-heading2347_81aad0-0a\"]{font-style:normal;}.wp-block-kadence-advancedheading.kt-adv-heading2347_81aad0-0a mark.kt-highlight, .wp-block-kadence-advancedheading.kt-adv-heading2347_81aad0-0a[data-kb-block=\"kb-adv-heading2347_81aad0-0a\"] mark.kt-highlight{font-style:normal;color:#f76a0c;-webkit-box-decoration-break:clone;box-decoration-break:clone;padding-top:0px;padding-right:0px;padding-bottom:0px;padding-left:0px;}<\/style>\n<h3 class=\"kt-adv-heading2347_81aad0-0a wp-block-kadence-advancedheading\" data-kb-block=\"kb-adv-heading2347_81aad0-0a\">Official trailer Miss Wheelchair World 2017<\/h3>\n\n\n\n<p>We encourage you to watch official trailer of the video clip promoting Miss Wheelchair World 2017. The main theme of the clip is the wedding motive to show that disability is not a barier to love and achieving happiness. The clip preview took place during the Miss Wheelchair Poland Final Gala 2016. Organizer of Miss Wheelchair World 2017: <strong>The Only One Foundation<\/strong>.<\/p>\n\n\n\n<p>Miss Wheelchair World 2017Project partners: the Office of the Capital City of Warsaw, Quickie, the New Stage, SOD \u2013Pawe\u0142 Janiszewski.<\/p>\n<\/div><\/div>\n\n<\/div><\/div>\n\n<style>.wp-block-kadence-advancedheading.kt-adv-heading2347_03bed3-63, .wp-block-kadence-advancedheading.kt-adv-heading2347_03bed3-63[data-kb-block=\"kb-adv-heading2347_03bed3-63\"]{margin-top:-20px;margin-bottom:-1px;font-style:normal;}.wp-block-kadence-advancedheading.kt-adv-heading2347_03bed3-63 mark.kt-highlight, .wp-block-kadence-advancedheading.kt-adv-heading2347_03bed3-63[data-kb-block=\"kb-adv-heading2347_03bed3-63\"] mark.kt-highlight{font-style:normal;color:#f76a0c;-webkit-box-decoration-break:clone;box-decoration-break:clone;padding-top:0px;padding-right:0px;padding-bottom:0px;padding-left:0px;}<\/style>\n<h4 class=\"kt-adv-heading2347_03bed3-63 wp-block-kadence-advancedheading\" data-kb-block=\"kb-adv-heading2347_03bed3-63\">In the recordings participated:<\/h4>\n\n\n\n<ul class=\"wp-block-list\">\n<li>Miss Poland Wheelchair 2013 Olga Fija\u0142kowska and Kamil Bogucki \u2013 model,<\/li>\n\n\n\n<li>Miss Poland Wheelchair 2014 Julia Torla and Rafa\u0142 Baszczy\u0144ski \u2013 model,<\/li>\n\n\n\n<li>Miss Poland Wheelchair 2015 Katarzyna Kozio\u0142 and Rafa\u0142 Ma\u015blak \u2013 Mister Poland 2014, <\/li>\n<\/ul>\n\n\n<style>.kb-row-layout-id2347_0df6c6-27 > .kt-row-column-wrap{align-content:start;}:where(.kb-row-layout-id2347_0df6c6-27 > .kt-row-column-wrap) > .wp-block-kadence-column{justify-content:start;}.kb-row-layout-id2347_0df6c6-27 > .kt-row-column-wrap{column-gap:var(--global-kb-gap-md, 2rem);row-gap:var(--global-kb-gap-md, 2rem);padding-top:25px;padding-bottom:150px;grid-template-columns:minmax(0, calc(40% - ((var(--global-kb-gap-md, 2rem) * 1 )\/2)))minmax(0, calc(60% - ((var(--global-kb-gap-md, 2rem) * 1 )\/2)));}.kb-row-layout-id2347_0df6c6-27 > .kt-row-layout-overlay{opacity:0.30;}@media all and (max-width: 1024px){.kb-row-layout-id2347_0df6c6-27 > .kt-row-column-wrap{grid-template-columns:repeat(2, minmax(0, 1fr));}}@media all and (max-width: 767px){.kb-row-layout-id2347_0df6c6-27 > .kt-row-column-wrap{grid-template-columns:minmax(0, 1fr);}}<\/style><div class=\"kb-row-layout-wrap kb-row-layout-id2347_0df6c6-27 alignnone wp-block-kadence-rowlayout\"><div class=\"kt-row-column-wrap kt-has-2-columns kt-row-layout-equal kt-tab-layout-inherit kt-mobile-layout-row kt-row-valign-top\">\n<style>.kadence-column2347_eaa3d5-67 > .kt-inside-inner-col,.kadence-column2347_eaa3d5-67 > .kt-inside-inner-col:before{border-top-left-radius:0px;border-top-right-radius:0px;border-bottom-right-radius:0px;border-bottom-left-radius:0px;}.kadence-column2347_eaa3d5-67 > .kt-inside-inner-col{column-gap:var(--global-kb-gap-sm, 1rem);}.kadence-column2347_eaa3d5-67 > .kt-inside-inner-col{flex-direction:column;}.kadence-column2347_eaa3d5-67 > .kt-inside-inner-col > .aligncenter{width:100%;}.kadence-column2347_eaa3d5-67 > .kt-inside-inner-col:before{opacity:0.3;}.kadence-column2347_eaa3d5-67{position:relative;}@media all and (max-width: 1024px){.kadence-column2347_eaa3d5-67 > .kt-inside-inner-col{flex-direction:column;justify-content:center;}}@media all and (max-width: 767px){.kadence-column2347_eaa3d5-67 > .kt-inside-inner-col{flex-direction:column;justify-content:center;}}<\/style>\n<div class=\"wp-block-kadence-column kadence-column2347_eaa3d5-67 inner-column-1\"><div class=\"kt-inside-inner-col\">\n<ul class=\"wp-block-list\">\n<li><strong>Video material:<\/strong> Sound &amp; Visual Creative Studio Kolbuszowa<\/li>\n\n\n\n<li>Make up: MakeUp Art Marzena Bartosz<\/li>\n\n\n\n<li>Hair: Berendowicz &amp; Kublin Academy Warsaw,<\/li>\n\n\n\n<li>Wedding gowns: Viola Piekut,<\/li>\n\n\n\n<li>Recordings at: the Palace of Culture and Science Warsaw, the capital city of Warsaw and the Bemowo Culture Centre.<\/li>\n<\/ul>\n<\/div><\/div>\n\n\n<style>.kadence-column2347_e035a3-9d > .kt-inside-inner-col,.kadence-column2347_e035a3-9d > .kt-inside-inner-col:before{border-top-left-radius:0px;border-top-right-radius:0px;border-bottom-right-radius:0px;border-bottom-left-radius:0px;}.kadence-column2347_e035a3-9d > .kt-inside-inner-col{column-gap:var(--global-kb-gap-sm, 1rem);}.kadence-column2347_e035a3-9d > .kt-inside-inner-col{flex-direction:column;}.kadence-column2347_e035a3-9d > .kt-inside-inner-col > .aligncenter{width:100%;}.kadence-column2347_e035a3-9d > .kt-inside-inner-col:before{opacity:0.3;}.kadence-column2347_e035a3-9d{position:relative;}@media all and (max-width: 1024px){.kadence-column2347_e035a3-9d > .kt-inside-inner-col{flex-direction:column;justify-content:center;}}@media all and (max-width: 767px){.kadence-column2347_e035a3-9d > .kt-inside-inner-col{flex-direction:column;justify-content:center;}}<\/style>\n<div class=\"wp-block-kadence-column kadence-column2347_e035a3-9d inner-column-2\"><div class=\"kt-inside-inner-col\">\n<figure class=\"wp-block-embed is-type-video is-provider-youtube wp-block-embed-youtube wp-embed-aspect-16-9 wp-has-aspect-ratio\"><div class=\"wp-block-embed__wrapper\">\n<iframe loading=\"lazy\" title=\"Miss Wheelchair World 2017 official trailer\" width=\"720\" height=\"405\" src=\"https:\/\/www.youtube.com\/embed\/wpo8ftgOaTU?feature=oembed\" frameborder=\"0\" allow=\"accelerometer; autoplay; clipboard-write; encrypted-media; gyroscope; picture-in-picture\" allowfullscreen><\/iframe>\n<\/div><\/figure>\n<\/div><\/div>\n\n<\/div><\/div>","protected":false},"excerpt":{"rendered":"<p>Klip promuj\u0105cy wybory Miss \u015awaiata na W\u00f3zku Tematem przewodnim klipu by\u0142 motyw \u015blubny i pokazanie, \u017ce niepe\u0142nosprawno\u015b\u0107 nie jest przeszkod\u0105 w mi\u0142o\u015bci i osi\u0105ganiu szcz\u0119\u015bcia. Zapowied\u017a klipu mia\u0142a swoj\u0105 premier\u0119 podczas Gali Fina\u0142owej Miss Polski na W\u00f3zku 2016. Organizator Miss Wheelchair World 2017: Fundacja Jedyna Taka. Partnerzy projektu Miss Wheelchair World 2017: Urz\u0105d Miasto Sto\u0142eczne&#8230;<\/p>","protected":false},"author":1,"featured_media":2350,"comment_status":"closed","ping_status":"open","sticky":false,"template":"","format":"standard","meta":{"_kad_post_transparent":"","_kad_post_title":"hide","_kad_post_layout":"normal","_kad_post_sidebar_id":"","_kad_post_content_style":"unboxed","_kad_post_vertical_padding":"hide","_kad_post_feature":"","_kad_post_feature_position":"","_kad_post_header":false,"_kad_post_footer":false,"_kad_post_classname":"","footnotes":""},"categories":[1],"tags":[],"class_list":["post-2347","post","type-post","status-publish","format-standard","has-post-thumbnail","hentry","category-uncategorized"],"yoast_head":"<!-- This site is optimized with the Yoast SEO plugin v26.3 - https:\/\/yoast.com\/wordpress\/plugins\/seo\/ -->\n<title>Klip promuj\u0105cy wybory Miss \u015awiata na W\u00f3zku - Miss Wheelchair World<\/title>\n<meta name=\"robots\" content=\"index, follow, max-snippet:-1, max-image-preview:large, max-video-preview:-1\" \/>\n<link rel=\"canonical\" href=\"https:\/\/misswheelchairworld.org\/en\/2347\/\" \/>\n<meta property=\"og:locale\" content=\"en_GB\" \/>\n<meta property=\"og:type\" content=\"article\" \/>\n<meta property=\"og:title\" content=\"Klip promuj\u0105cy wybory Miss \u015awiata na W\u00f3zku - Miss Wheelchair World\" \/>\n<meta property=\"og:description\" content=\"Klip promuj\u0105cy wybory Miss \u015awaiata na W\u00f3zku Tematem przewodnim klipu by\u0142 motyw \u015blubny i pokazanie, \u017ce niepe\u0142nosprawno\u015b\u0107 nie jest przeszkod\u0105 w mi\u0142o\u015bci i osi\u0105ganiu szcz\u0119\u015bcia. Zapowied\u017a klipu mia\u0142a swoj\u0105 premier\u0119 podczas Gali Fina\u0142owej Miss Polski na W\u00f3zku 2016. Organizator Miss Wheelchair World 2017: Fundacja Jedyna Taka. Partnerzy projektu Miss Wheelchair World 2017: Urz\u0105d Miasto Sto\u0142eczne...\" \/>\n<meta property=\"og:url\" content=\"https:\/\/misswheelchairworld.org\/en\/2347\/\" \/>\n<meta property=\"og:site_name\" content=\"Miss Wheelchair World\" \/>\n<meta property=\"article:publisher\" content=\"https:\/\/www.facebook.com\/MissWheelchairWorld\" \/>\n<meta property=\"article:published_time\" content=\"2016-09-30T08:33:44+00:00\" \/>\n<meta property=\"article:modified_time\" content=\"2023-11-02T14:21:04+00:00\" \/>\n<meta property=\"og:image\" content=\"https:\/\/misswheelchairworld.org\/wp-content\/uploads\/2022\/10\/slubne_2_min.jpg\" \/>\n\t<meta property=\"og:image:width\" content=\"400\" \/>\n\t<meta property=\"og:image:height\" content=\"200\" \/>\n\t<meta property=\"og:image:type\" content=\"image\/jpeg\" \/>\n<meta name=\"author\" content=\"gosialis\" \/>\n<meta name=\"twitter:card\" content=\"summary_large_image\" \/>\n<meta name=\"twitter:creator\" content=\"@Jedyna__Taka\" \/>\n<meta name=\"twitter:site\" content=\"@Jedyna__Taka\" \/>\n<meta name=\"twitter:label1\" content=\"Written by\" \/>\n\t<meta name=\"twitter:data1\" content=\"gosialis\" \/>\n\t<meta name=\"twitter:label2\" content=\"Estimated reading time\" \/>\n\t<meta name=\"twitter:data2\" content=\"2 minutes\" \/>\n<script type=\"application\/ld+json\" class=\"yoast-schema-graph\">{\"@context\":\"https:\/\/schema.org\",\"@graph\":[{\"@type\":\"Article\",\"@id\":\"https:\/\/misswheelchairworld.org\/2347\/#article\",\"isPartOf\":{\"@id\":\"https:\/\/misswheelchairworld.org\/2347\/\"},\"author\":{\"name\":\"gosialis\",\"@id\":\"https:\/\/misswheelchairworld.org\/#\/schema\/person\/3418b832d7090b25a61cdfbdd6e1005b\"},\"headline\":\"Klip promuj\u0105cy wybory Miss \u015awiata na W\u00f3zku\",\"datePublished\":\"2016-09-30T08:33:44+00:00\",\"dateModified\":\"2023-11-02T14:21:04+00:00\",\"mainEntityOfPage\":{\"@id\":\"https:\/\/misswheelchairworld.org\/2347\/\"},\"wordCount\":167,\"publisher\":{\"@id\":\"https:\/\/misswheelchairworld.org\/#organization\"},\"image\":{\"@id\":\"https:\/\/misswheelchairworld.org\/2347\/#primaryimage\"},\"thumbnailUrl\":\"https:\/\/misswheelchairworld.org\/wp-content\/uploads\/2022\/10\/slubne_2_min.jpg\",\"articleSection\":[\"Uncategorized\"],\"inLanguage\":\"en-GB\"},{\"@type\":\"WebPage\",\"@id\":\"https:\/\/misswheelchairworld.org\/2347\/\",\"url\":\"https:\/\/misswheelchairworld.org\/2347\/\",\"name\":\"Klip promuj\u0105cy wybory Miss \u015awiata na W\u00f3zku - Miss Wheelchair World\",\"isPartOf\":{\"@id\":\"https:\/\/misswheelchairworld.org\/#website\"},\"primaryImageOfPage\":{\"@id\":\"https:\/\/misswheelchairworld.org\/2347\/#primaryimage\"},\"image\":{\"@id\":\"https:\/\/misswheelchairworld.org\/2347\/#primaryimage\"},\"thumbnailUrl\":\"https:\/\/misswheelchairworld.org\/wp-content\/uploads\/2022\/10\/slubne_2_min.jpg\",\"datePublished\":\"2016-09-30T08:33:44+00:00\",\"dateModified\":\"2023-11-02T14:21:04+00:00\",\"breadcrumb\":{\"@id\":\"https:\/\/misswheelchairworld.org\/2347\/#breadcrumb\"},\"inLanguage\":\"en-GB\",\"potentialAction\":[{\"@type\":\"ReadAction\",\"target\":[\"https:\/\/misswheelchairworld.org\/2347\/\"]}]},{\"@type\":\"ImageObject\",\"inLanguage\":\"en-GB\",\"@id\":\"https:\/\/misswheelchairworld.org\/2347\/#primaryimage\",\"url\":\"https:\/\/misswheelchairworld.org\/wp-content\/uploads\/2022\/10\/slubne_2_min.jpg\",\"contentUrl\":\"https:\/\/misswheelchairworld.org\/wp-content\/uploads\/2022\/10\/slubne_2_min.jpg\",\"width\":400,\"height\":200},{\"@type\":\"BreadcrumbList\",\"@id\":\"https:\/\/misswheelchairworld.org\/2347\/#breadcrumb\",\"itemListElement\":[{\"@type\":\"ListItem\",\"position\":1,\"name\":\"Home\",\"item\":\"https:\/\/misswheelchairworld.org\/\"},{\"@type\":\"ListItem\",\"position\":2,\"name\":\"Klip promuj\u0105cy wybory Miss \u015awiata na W\u00f3zku\"}]},{\"@type\":\"WebSite\",\"@id\":\"https:\/\/misswheelchairworld.org\/#website\",\"url\":\"https:\/\/misswheelchairworld.org\/\",\"name\":\"Miss Wheelchair World\",\"description\":\"Miss Wheelchair World\",\"publisher\":{\"@id\":\"https:\/\/misswheelchairworld.org\/#organization\"},\"potentialAction\":[{\"@type\":\"SearchAction\",\"target\":{\"@type\":\"EntryPoint\",\"urlTemplate\":\"https:\/\/misswheelchairworld.org\/?s={search_term_string}\"},\"query-input\":{\"@type\":\"PropertyValueSpecification\",\"valueRequired\":true,\"valueName\":\"search_term_string\"}}],\"inLanguage\":\"en-GB\"},{\"@type\":\"Organization\",\"@id\":\"https:\/\/misswheelchairworld.org\/#organization\",\"name\":\"Miss Wheelchair World\",\"url\":\"https:\/\/misswheelchairworld.org\/\",\"logo\":{\"@type\":\"ImageObject\",\"inLanguage\":\"en-GB\",\"@id\":\"https:\/\/misswheelchairworld.org\/#\/schema\/logo\/image\/\",\"url\":\"https:\/\/misswheelchairworld.org\/wp-content\/uploads\/2022\/10\/Kopia-logoMWW-angielskie-czyste.png\",\"contentUrl\":\"https:\/\/misswheelchairworld.org\/wp-content\/uploads\/2022\/10\/Kopia-logoMWW-angielskie-czyste.png\",\"width\":4871,\"height\":1852,\"caption\":\"Miss Wheelchair World\"},\"image\":{\"@id\":\"https:\/\/misswheelchairworld.org\/#\/schema\/logo\/image\/\"},\"sameAs\":[\"https:\/\/www.facebook.com\/MissWheelchairWorld\",\"https:\/\/x.com\/Jedyna__Taka\",\"https:\/\/www.instagram.com\/misswheelchairworld\/\",\"https:\/\/www.youtube.com\/channel\/UCVaiD9tQULYwtIwQFAyk7zw\"]},{\"@type\":\"Person\",\"@id\":\"https:\/\/misswheelchairworld.org\/#\/schema\/person\/3418b832d7090b25a61cdfbdd6e1005b\",\"name\":\"gosialis\",\"image\":{\"@type\":\"ImageObject\",\"inLanguage\":\"en-GB\",\"@id\":\"https:\/\/misswheelchairworld.org\/#\/schema\/person\/image\/\",\"url\":\"https:\/\/secure.gravatar.com\/avatar\/d32e771e2d111cd51fb159185c23dbcf7416c3fc2cc9aec03b6a21c1e744a7ca?s=96&d=mm&r=g\",\"contentUrl\":\"https:\/\/secure.gravatar.com\/avatar\/d32e771e2d111cd51fb159185c23dbcf7416c3fc2cc9aec03b6a21c1e744a7ca?s=96&d=mm&r=g\",\"caption\":\"gosialis\"},\"sameAs\":[\"https:\/\/misswheelchairworld.org\"],\"url\":\"https:\/\/misswheelchairworld.org\/en\/author\/gosialis\/\"}]}<\/script>\n<!-- \/ Yoast SEO plugin. -->","yoast_head_json":{"title":"Klip promuj\u0105cy wybory Miss \u015awiata na W\u00f3zku - Miss Wheelchair World","robots":{"index":"index","follow":"follow","max-snippet":"max-snippet:-1","max-image-preview":"max-image-preview:large","max-video-preview":"max-video-preview:-1"},"canonical":"https:\/\/misswheelchairworld.org\/en\/2347\/","og_locale":"en_GB","og_type":"article","og_title":"Klip promuj\u0105cy wybory Miss \u015awiata na W\u00f3zku - Miss Wheelchair World","og_description":"Klip promuj\u0105cy wybory Miss \u015awaiata na W\u00f3zku Tematem przewodnim klipu by\u0142 motyw \u015blubny i pokazanie, \u017ce niepe\u0142nosprawno\u015b\u0107 nie jest przeszkod\u0105 w mi\u0142o\u015bci i osi\u0105ganiu szcz\u0119\u015bcia. Zapowied\u017a klipu mia\u0142a swoj\u0105 premier\u0119 podczas Gali Fina\u0142owej Miss Polski na W\u00f3zku 2016. Organizator Miss Wheelchair World 2017: Fundacja Jedyna Taka. Partnerzy projektu Miss Wheelchair World 2017: Urz\u0105d Miasto Sto\u0142eczne...","og_url":"https:\/\/misswheelchairworld.org\/en\/2347\/","og_site_name":"Miss Wheelchair World","article_publisher":"https:\/\/www.facebook.com\/MissWheelchairWorld","article_published_time":"2016-09-30T08:33:44+00:00","article_modified_time":"2023-11-02T14:21:04+00:00","og_image":[{"width":400,"height":200,"url":"https:\/\/misswheelchairworld.org\/wp-content\/uploads\/2022\/10\/slubne_2_min.jpg","type":"image\/jpeg"}],"author":"gosialis","twitter_card":"summary_large_image","twitter_creator":"@Jedyna__Taka","twitter_site":"@Jedyna__Taka","twitter_misc":{"Written by":"gosialis","Estimated reading time":"2 minutes"},"schema":{"@context":"https:\/\/schema.org","@graph":[{"@type":"Article","@id":"https:\/\/misswheelchairworld.org\/2347\/#article","isPartOf":{"@id":"https:\/\/misswheelchairworld.org\/2347\/"},"author":{"name":"gosialis","@id":"https:\/\/misswheelchairworld.org\/#\/schema\/person\/3418b832d7090b25a61cdfbdd6e1005b"},"headline":"Klip promuj\u0105cy wybory Miss \u015awiata na W\u00f3zku","datePublished":"2016-09-30T08:33:44+00:00","dateModified":"2023-11-02T14:21:04+00:00","mainEntityOfPage":{"@id":"https:\/\/misswheelchairworld.org\/2347\/"},"wordCount":167,"publisher":{"@id":"https:\/\/misswheelchairworld.org\/#organization"},"image":{"@id":"https:\/\/misswheelchairworld.org\/2347\/#primaryimage"},"thumbnailUrl":"https:\/\/misswheelchairworld.org\/wp-content\/uploads\/2022\/10\/slubne_2_min.jpg","articleSection":["Uncategorized"],"inLanguage":"en-GB"},{"@type":"WebPage","@id":"https:\/\/misswheelchairworld.org\/2347\/","url":"https:\/\/misswheelchairworld.org\/2347\/","name":"Klip promuj\u0105cy wybory Miss \u015awiata na W\u00f3zku - Miss Wheelchair World","isPartOf":{"@id":"https:\/\/misswheelchairworld.org\/#website"},"primaryImageOfPage":{"@id":"https:\/\/misswheelchairworld.org\/2347\/#primaryimage"},"image":{"@id":"https:\/\/misswheelchairworld.org\/2347\/#primaryimage"},"thumbnailUrl":"https:\/\/misswheelchairworld.org\/wp-content\/uploads\/2022\/10\/slubne_2_min.jpg","datePublished":"2016-09-30T08:33:44+00:00","dateModified":"2023-11-02T14:21:04+00:00","breadcrumb":{"@id":"https:\/\/misswheelchairworld.org\/2347\/#breadcrumb"},"inLanguage":"en-GB","potentialAction":[{"@type":"ReadAction","target":["https:\/\/misswheelchairworld.org\/2347\/"]}]},{"@type":"ImageObject","inLanguage":"en-GB","@id":"https:\/\/misswheelchairworld.org\/2347\/#primaryimage","url":"https:\/\/misswheelchairworld.org\/wp-content\/uploads\/2022\/10\/slubne_2_min.jpg","contentUrl":"https:\/\/misswheelchairworld.org\/wp-content\/uploads\/2022\/10\/slubne_2_min.jpg","width":400,"height":200},{"@type":"BreadcrumbList","@id":"https:\/\/misswheelchairworld.org\/2347\/#breadcrumb","itemListElement":[{"@type":"ListItem","position":1,"name":"Home","item":"https:\/\/misswheelchairworld.org\/"},{"@type":"ListItem","position":2,"name":"Klip promuj\u0105cy wybory Miss \u015awiata na W\u00f3zku"}]},{"@type":"WebSite","@id":"https:\/\/misswheelchairworld.org\/#website","url":"https:\/\/misswheelchairworld.org\/","name":"Miss Wheelchair World","description":"Miss Wheelchair World","publisher":{"@id":"https:\/\/misswheelchairworld.org\/#organization"},"potentialAction":[{"@type":"SearchAction","target":{"@type":"EntryPoint","urlTemplate":"https:\/\/misswheelchairworld.org\/?s={search_term_string}"},"query-input":{"@type":"PropertyValueSpecification","valueRequired":true,"valueName":"search_term_string"}}],"inLanguage":"en-GB"},{"@type":"Organization","@id":"https:\/\/misswheelchairworld.org\/#organization","name":"Miss Wheelchair World","url":"https:\/\/misswheelchairworld.org\/","logo":{"@type":"ImageObject","inLanguage":"en-GB","@id":"https:\/\/misswheelchairworld.org\/#\/schema\/logo\/image\/","url":"https:\/\/misswheelchairworld.org\/wp-content\/uploads\/2022\/10\/Kopia-logoMWW-angielskie-czyste.png","contentUrl":"https:\/\/misswheelchairworld.org\/wp-content\/uploads\/2022\/10\/Kopia-logoMWW-angielskie-czyste.png","width":4871,"height":1852,"caption":"Miss Wheelchair World"},"image":{"@id":"https:\/\/misswheelchairworld.org\/#\/schema\/logo\/image\/"},"sameAs":["https:\/\/www.facebook.com\/MissWheelchairWorld","https:\/\/x.com\/Jedyna__Taka","https:\/\/www.instagram.com\/misswheelchairworld\/","https:\/\/www.youtube.com\/channel\/UCVaiD9tQULYwtIwQFAyk7zw"]},{"@type":"Person","@id":"https:\/\/misswheelchairworld.org\/#\/schema\/person\/3418b832d7090b25a61cdfbdd6e1005b","name":"gosialis","image":{"@type":"ImageObject","inLanguage":"en-GB","@id":"https:\/\/misswheelchairworld.org\/#\/schema\/person\/image\/","url":"https:\/\/secure.gravatar.com\/avatar\/d32e771e2d111cd51fb159185c23dbcf7416c3fc2cc9aec03b6a21c1e744a7ca?s=96&d=mm&r=g","contentUrl":"https:\/\/secure.gravatar.com\/avatar\/d32e771e2d111cd51fb159185c23dbcf7416c3fc2cc9aec03b6a21c1e744a7ca?s=96&d=mm&r=g","caption":"gosialis"},"sameAs":["https:\/\/misswheelchairworld.org"],"url":"https:\/\/misswheelchairworld.org\/en\/author\/gosialis\/"}]}},"_links":{"self":[{"href":"https:\/\/misswheelchairworld.org\/en\/wp-json\/wp\/v2\/posts\/2347","targetHints":{"allow":["GET"]}}],"collection":[{"href":"https:\/\/misswheelchairworld.org\/en\/wp-json\/wp\/v2\/posts"}],"about":[{"href":"https:\/\/misswheelchairworld.org\/en\/wp-json\/wp\/v2\/types\/post"}],"author":[{"embeddable":true,"href":"https:\/\/misswheelchairworld.org\/en\/wp-json\/wp\/v2\/users\/1"}],"replies":[{"embeddable":true,"href":"https:\/\/misswheelchairworld.org\/en\/wp-json\/wp\/v2\/comments?post=2347"}],"version-history":[{"count":1,"href":"https:\/\/misswheelchairworld.org\/en\/wp-json\/wp\/v2\/posts\/2347\/revisions"}],"predecessor-version":[{"id":5431,"href":"https:\/\/misswheelchairworld.org\/en\/wp-json\/wp\/v2\/posts\/2347\/revisions\/5431"}],"wp:featuredmedia":[{"embeddable":true,"href":"https:\/\/misswheelchairworld.org\/en\/wp-json\/wp\/v2\/media\/2350"}],"wp:attachment":[{"href":"https:\/\/misswheelchairworld.org\/en\/wp-json\/wp\/v2\/media?parent=2347"}],"wp:term":[{"taxonomy":"category","embeddable":true,"href":"https:\/\/misswheelchairworld.org\/en\/wp-json\/wp\/v2\/categories?post=2347"},{"taxonomy":"post_tag","embeddable":true,"href":"https:\/\/misswheelchairworld.org\/en\/wp-json\/wp\/v2\/tags?post=2347"}],"curies":[{"name":"wp","href":"https:\/\/api.w.org\/{rel}","templated":true}]}}