{"id":2380,"date":"2016-07-14T09:19:58","date_gmt":"2016-07-14T09:19:58","guid":{"rendered":"https:\/\/misswheelchairworld.org\/?p=2380"},"modified":"2023-11-02T15:22:53","modified_gmt":"2023-11-02T14:22:53","slug":"pierwszy-klip-promujacy-miss-wheelchair-world","status":"publish","type":"post","link":"https:\/\/misswheelchairworld.org\/en\/pierwszy-klip-promujacy-miss-wheelchair-world\/","title":{"rendered":"The first clip promoting The Miss Wheelchair World"},"content":{"rendered":"<style>.kb-row-layout-id2380_e9d3e3-cf > .kt-row-column-wrap{align-content:start;}:where(.kb-row-layout-id2380_e9d3e3-cf > .kt-row-column-wrap) > .wp-block-kadence-column{justify-content:start;}.kb-row-layout-id2380_e9d3e3-cf > .kt-row-column-wrap{column-gap:var(--global-kb-gap-md, 2rem);row-gap:var(--global-kb-gap-md, 2rem);padding-top:70px;padding-bottom:25px;grid-template-columns:minmax(0, calc(45% - ((var(--global-kb-gap-md, 2rem) * 1 )\/2)))minmax(0, calc(55% - ((var(--global-kb-gap-md, 2rem) * 1 )\/2)));}.kb-row-layout-id2380_e9d3e3-cf > .kt-row-layout-overlay{opacity:0.30;}@media all and (max-width: 1024px){.kb-row-layout-id2380_e9d3e3-cf > .kt-row-column-wrap{grid-template-columns:repeat(2, minmax(0, 1fr));}}@media all and (max-width: 767px){.kb-row-layout-id2380_e9d3e3-cf > .kt-row-column-wrap{grid-template-columns:minmax(0, 1fr);}}<\/style><div class=\"kb-row-layout-wrap kb-row-layout-id2380_e9d3e3-cf alignnone wp-block-kadence-rowlayout\"><div class=\"kt-row-column-wrap kt-has-2-columns kt-row-layout-equal kt-tab-layout-inherit kt-mobile-layout-row kt-row-valign-top\">\n<style>.kadence-column2380_8b0b58-bd > .kt-inside-inner-col,.kadence-column2380_8b0b58-bd > .kt-inside-inner-col:before{border-top-left-radius:0px;border-top-right-radius:0px;border-bottom-right-radius:0px;border-bottom-left-radius:0px;}.kadence-column2380_8b0b58-bd > .kt-inside-inner-col{column-gap:var(--global-kb-gap-sm, 1rem);}.kadence-column2380_8b0b58-bd > .kt-inside-inner-col{flex-direction:column;}.kadence-column2380_8b0b58-bd > .kt-inside-inner-col > .aligncenter{width:100%;}.kadence-column2380_8b0b58-bd > .kt-inside-inner-col:before{opacity:0.3;}.kadence-column2380_8b0b58-bd{position:relative;}@media all and (max-width: 1024px){.kadence-column2380_8b0b58-bd > .kt-inside-inner-col{flex-direction:column;justify-content:center;}}@media all and (max-width: 767px){.kadence-column2380_8b0b58-bd > .kt-inside-inner-col{flex-direction:column;justify-content:center;}}<\/style>\n<div class=\"wp-block-kadence-column kadence-column2380_8b0b58-bd inner-column-1\"><div class=\"kt-inside-inner-col\">\n<figure class=\"wp-block-embed is-type-video is-provider-youtube wp-block-embed-youtube wp-embed-aspect-16-9 wp-has-aspect-ratio\"><div class=\"wp-block-embed__wrapper\">\n<iframe loading=\"lazy\" title=\"Miss Wheelchair World - promo clip\" width=\"720\" height=\"405\" src=\"https:\/\/www.youtube.com\/embed\/yqR_WnP3wDc?feature=oembed\" frameborder=\"0\" allow=\"accelerometer; autoplay; clipboard-write; encrypted-media; gyroscope; picture-in-picture\" allowfullscreen><\/iframe>\n<\/div><\/figure>\n\n\n<div class=\"wp-block-image\">\n<figure class=\"aligncenter size-full\"><img loading=\"lazy\" decoding=\"async\" width=\"315\" height=\"200\" src=\"https:\/\/misswheelchairworld.org\/wp-content\/uploads\/2022\/10\/miss_world_promo-10-_2_min.jpg\" alt=\"\" class=\"wp-image-2381\" srcset=\"https:\/\/misswheelchairworld.org\/wp-content\/uploads\/2022\/10\/miss_world_promo-10-_2_min.jpg 315w, https:\/\/misswheelchairworld.org\/wp-content\/uploads\/2022\/10\/miss_world_promo-10-_2_min-300x190.jpg 300w, https:\/\/misswheelchairworld.org\/wp-content\/uploads\/2022\/10\/miss_world_promo-10-_2_min-18x12.jpg 18w\" sizes=\"auto, (max-width: 315px) 100vw, 315px\" \/><\/figure><\/div><\/div><\/div>\n\n\n<style>.kadence-column2380_4a9c43-e9 > .kt-inside-inner-col,.kadence-column2380_4a9c43-e9 > .kt-inside-inner-col:before{border-top-left-radius:0px;border-top-right-radius:0px;border-bottom-right-radius:0px;border-bottom-left-radius:0px;}.kadence-column2380_4a9c43-e9 > .kt-inside-inner-col{column-gap:var(--global-kb-gap-sm, 1rem);}.kadence-column2380_4a9c43-e9 > .kt-inside-inner-col{flex-direction:column;}.kadence-column2380_4a9c43-e9 > .kt-inside-inner-col > .aligncenter{width:100%;}.kadence-column2380_4a9c43-e9 > .kt-inside-inner-col:before{opacity:0.3;}.kadence-column2380_4a9c43-e9{position:relative;}@media all and (max-width: 1024px){.kadence-column2380_4a9c43-e9 > .kt-inside-inner-col{flex-direction:column;justify-content:center;}}@media all and (max-width: 767px){.kadence-column2380_4a9c43-e9 > .kt-inside-inner-col{flex-direction:column;justify-content:center;}}<\/style>\n<div class=\"wp-block-kadence-column kadence-column2380_4a9c43-e9 inner-column-2\"><div class=\"kt-inside-inner-col\"><style>.wp-block-kadence-advancedheading.kt-adv-heading2380_277098-30, .wp-block-kadence-advancedheading.kt-adv-heading2380_277098-30[data-kb-block=\"kb-adv-heading2380_277098-30\"]{font-style:normal;}.wp-block-kadence-advancedheading.kt-adv-heading2380_277098-30 mark.kt-highlight, .wp-block-kadence-advancedheading.kt-adv-heading2380_277098-30[data-kb-block=\"kb-adv-heading2380_277098-30\"] mark.kt-highlight{font-style:normal;color:#f76a0c;-webkit-box-decoration-break:clone;box-decoration-break:clone;padding-top:0px;padding-right:0px;padding-bottom:0px;padding-left:0px;}<\/style>\n<h3 class=\"kt-adv-heading2380_277098-30 wp-block-kadence-advancedheading\" data-kb-block=\"kb-adv-heading2380_277098-30\">The first clip promoting The Miss Wheelchair World<\/h3>\n\n\n<style>.wp-block-kadence-advancedheading.kt-adv-heading2380_d6a11c-25, .wp-block-kadence-advancedheading.kt-adv-heading2380_d6a11c-25[data-kb-block=\"kb-adv-heading2380_d6a11c-25\"]{margin-bottom:-1px;font-style:normal;}.wp-block-kadence-advancedheading.kt-adv-heading2380_d6a11c-25 mark.kt-highlight, .wp-block-kadence-advancedheading.kt-adv-heading2380_d6a11c-25[data-kb-block=\"kb-adv-heading2380_d6a11c-25\"] mark.kt-highlight{font-style:normal;color:#f76a0c;-webkit-box-decoration-break:clone;box-decoration-break:clone;padding-top:0px;padding-right:0px;padding-bottom:0px;padding-left:0px;}<\/style>\n<p class=\"kt-adv-heading2380_d6a11c-25 wp-block-kadence-advancedheading\" data-kb-block=\"kb-adv-heading2380_d6a11c-25\">W grudniu 2015 roku odby\u0142y si\u0119 nagrania do pierwszego klipu promuj\u0105cego projekt Miss \u015awiata na W\u00f3zku 2017. Nagrania mia\u0142y miejsce w pi\u0119knych industrialnych wn\u0119trzach Centrum Nauki Kopernik w Warszawie, stolicy Polski. Realizacj\u0105 klipu zaj\u0119\u0142o si\u0119 regularnie wsp\u00f3\u0142pracuj\u0105ce z Fundacj\u0105 Jedyn\u0105 Tak\u0105 Studio IP Sebastian Wolny, Tomek \u015awi\u0105tkowski. W klipie zaprezentowa\u0142y si\u0119:<\/p>\n\n\n\n<ul class=\"wp-block-list\">\n<li>Miss Polski na W\u00f3zku 2013 \u2013 Olga Fija\u0142kowska,<\/li>\n\n\n\n<li>Miss Polski na W\u00f3zku 2014, Miss Publiczno\u015bci 2014 \u2013 Julia Torla,<\/li>\n\n\n\n<li>Miss Polski na W\u00f3zku 2015, Miss Publiczno\u015bci 2014 \u2013 Katarzyna Kozio\u0142,<\/li>\n\n\n\n<li>I Wicemiss Polski na W\u00f3zku 2014, Miss Popularno\u015bci 2014 \u2013 Beata Ja\u0142ocha,<\/li>\n\n\n\n<li>I Wicemiss Polski na W\u00f3zku 2015, Miss Foto 2015 \u2013 Joanna Krzemieniewska,<\/li>\n\n\n\n<li>II Wicemiss Polski na W\u00f3zku 2014 \u2013 Monika Florczuk,<\/li>\n\n\n\n<li>II Wicemiss Polski na W\u00f3zku 2015, Miss Popularno\u015bci 2015 \u2013 Katarzyna Szot,<\/li>\n\n\n\n<li>Miss Foto 2014 \u2013 Aleksandra Karpi\u0144ska,<\/li>\n\n\n\n<li>Tytu\u0142 Komplementarny Miss Integracji \u2013 Julita Kuczkowska.<\/li>\n<\/ul>\n\n\n\n<p>B\u0142yszcz\u0105ce stroje, rozrywkowa muzyka, cekiny, \u015bwiat\u0142a, mocne makija\u017ce i ogromna dawna pi\u0119kna \u2013 to znaki charakterystyczne pierwszego klipu promuj\u0105cego Miss \u015awiata na W\u00f3zku 2017! Zach\u0119camy do obejrzenia klipu.<\/p>\n<\/div><\/div>\n\n<\/div><\/div>","protected":false},"excerpt":{"rendered":"<p>Pierwszy klip promuj\u0105cy Miss Wheelchair World W grudniu 2015 roku odby\u0142y si\u0119 nagrania do pierwszego klipu promuj\u0105cego projekt Miss \u015awiata na W\u00f3zku 2017. Nagrania mia\u0142y miejsce w pi\u0119knych industrialnych wn\u0119trzach Centrum Nauki Kopernik w Warszawie, stolicy Polski. Realizacj\u0105 klipu zaj\u0119\u0142o si\u0119 regularnie wsp\u00f3\u0142pracuj\u0105ce z Fundacj\u0105 Jedyn\u0105 Tak\u0105 Studio IP Sebastian Wolny, Tomek \u015awi\u0105tkowski. W klipie&#8230;<\/p>","protected":false},"author":1,"featured_media":2381,"comment_status":"closed","ping_status":"open","sticky":false,"template":"","format":"standard","meta":{"_kad_post_transparent":"","_kad_post_title":"hide","_kad_post_layout":"normal","_kad_post_sidebar_id":"","_kad_post_content_style":"unboxed","_kad_post_vertical_padding":"hide","_kad_post_feature":"","_kad_post_feature_position":"","_kad_post_header":false,"_kad_post_footer":false,"_kad_post_classname":"","footnotes":""},"categories":[1],"tags":[],"class_list":["post-2380","post","type-post","status-publish","format-standard","has-post-thumbnail","hentry","category-uncategorized"],"yoast_head":"<!-- This site is optimized with the Yoast SEO plugin v26.3 - https:\/\/yoast.com\/wordpress\/plugins\/seo\/ -->\n<title>Pierwszy klip promuj\u0105cy Miss Wheelchair World - Miss Wheelchair World<\/title>\n<meta name=\"robots\" content=\"index, follow, max-snippet:-1, max-image-preview:large, max-video-preview:-1\" \/>\n<link rel=\"canonical\" href=\"https:\/\/misswheelchairworld.org\/en\/pierwszy-klip-promujacy-miss-wheelchair-world\/\" \/>\n<meta property=\"og:locale\" content=\"en_GB\" \/>\n<meta property=\"og:type\" content=\"article\" \/>\n<meta property=\"og:title\" content=\"Pierwszy klip promuj\u0105cy Miss Wheelchair World - Miss Wheelchair World\" \/>\n<meta property=\"og:description\" content=\"Pierwszy klip promuj\u0105cy Miss Wheelchair World W grudniu 2015 roku odby\u0142y si\u0119 nagrania do pierwszego klipu promuj\u0105cego projekt Miss \u015awiata na W\u00f3zku 2017. Nagrania mia\u0142y miejsce w pi\u0119knych industrialnych wn\u0119trzach Centrum Nauki Kopernik w Warszawie, stolicy Polski. Realizacj\u0105 klipu zaj\u0119\u0142o si\u0119 regularnie wsp\u00f3\u0142pracuj\u0105ce z Fundacj\u0105 Jedyn\u0105 Tak\u0105 Studio IP Sebastian Wolny, Tomek \u015awi\u0105tkowski. W klipie...\" \/>\n<meta property=\"og:url\" content=\"https:\/\/misswheelchairworld.org\/en\/pierwszy-klip-promujacy-miss-wheelchair-world\/\" \/>\n<meta property=\"og:site_name\" content=\"Miss Wheelchair World\" \/>\n<meta property=\"article:publisher\" content=\"https:\/\/www.facebook.com\/MissWheelchairWorld\" \/>\n<meta property=\"article:published_time\" content=\"2016-07-14T09:19:58+00:00\" \/>\n<meta property=\"article:modified_time\" content=\"2023-11-02T14:22:53+00:00\" \/>\n<meta property=\"og:image\" content=\"https:\/\/misswheelchairworld.org\/wp-content\/uploads\/2022\/10\/miss_world_promo-10-_2_min.jpg\" \/>\n\t<meta property=\"og:image:width\" content=\"315\" \/>\n\t<meta property=\"og:image:height\" content=\"200\" \/>\n\t<meta property=\"og:image:type\" content=\"image\/jpeg\" \/>\n<meta name=\"author\" content=\"gosialis\" \/>\n<meta name=\"twitter:card\" content=\"summary_large_image\" \/>\n<meta name=\"twitter:creator\" content=\"@Jedyna__Taka\" \/>\n<meta name=\"twitter:site\" content=\"@Jedyna__Taka\" \/>\n<meta name=\"twitter:label1\" content=\"Written by\" \/>\n\t<meta name=\"twitter:data1\" content=\"gosialis\" \/>\n<script type=\"application\/ld+json\" class=\"yoast-schema-graph\">{\"@context\":\"https:\/\/schema.org\",\"@graph\":[{\"@type\":\"Article\",\"@id\":\"https:\/\/misswheelchairworld.org\/pierwszy-klip-promujacy-miss-wheelchair-world\/#article\",\"isPartOf\":{\"@id\":\"https:\/\/misswheelchairworld.org\/pierwszy-klip-promujacy-miss-wheelchair-world\/\"},\"author\":{\"name\":\"gosialis\",\"@id\":\"https:\/\/misswheelchairworld.org\/#\/schema\/person\/3418b832d7090b25a61cdfbdd6e1005b\"},\"headline\":\"Pierwszy klip promuj\u0105cy Miss Wheelchair World\",\"datePublished\":\"2016-07-14T09:19:58+00:00\",\"dateModified\":\"2023-11-02T14:22:53+00:00\",\"mainEntityOfPage\":{\"@id\":\"https:\/\/misswheelchairworld.org\/pierwszy-klip-promujacy-miss-wheelchair-world\/\"},\"wordCount\":194,\"publisher\":{\"@id\":\"https:\/\/misswheelchairworld.org\/#organization\"},\"image\":{\"@id\":\"https:\/\/misswheelchairworld.org\/pierwszy-klip-promujacy-miss-wheelchair-world\/#primaryimage\"},\"thumbnailUrl\":\"https:\/\/misswheelchairworld.org\/wp-content\/uploads\/2022\/10\/miss_world_promo-10-_2_min.jpg\",\"articleSection\":[\"Uncategorized\"],\"inLanguage\":\"en-GB\"},{\"@type\":\"WebPage\",\"@id\":\"https:\/\/misswheelchairworld.org\/pierwszy-klip-promujacy-miss-wheelchair-world\/\",\"url\":\"https:\/\/misswheelchairworld.org\/pierwszy-klip-promujacy-miss-wheelchair-world\/\",\"name\":\"Pierwszy klip promuj\u0105cy Miss Wheelchair World - Miss Wheelchair World\",\"isPartOf\":{\"@id\":\"https:\/\/misswheelchairworld.org\/#website\"},\"primaryImageOfPage\":{\"@id\":\"https:\/\/misswheelchairworld.org\/pierwszy-klip-promujacy-miss-wheelchair-world\/#primaryimage\"},\"image\":{\"@id\":\"https:\/\/misswheelchairworld.org\/pierwszy-klip-promujacy-miss-wheelchair-world\/#primaryimage\"},\"thumbnailUrl\":\"https:\/\/misswheelchairworld.org\/wp-content\/uploads\/2022\/10\/miss_world_promo-10-_2_min.jpg\",\"datePublished\":\"2016-07-14T09:19:58+00:00\",\"dateModified\":\"2023-11-02T14:22:53+00:00\",\"breadcrumb\":{\"@id\":\"https:\/\/misswheelchairworld.org\/pierwszy-klip-promujacy-miss-wheelchair-world\/#breadcrumb\"},\"inLanguage\":\"en-GB\",\"potentialAction\":[{\"@type\":\"ReadAction\",\"target\":[\"https:\/\/misswheelchairworld.org\/pierwszy-klip-promujacy-miss-wheelchair-world\/\"]}]},{\"@type\":\"ImageObject\",\"inLanguage\":\"en-GB\",\"@id\":\"https:\/\/misswheelchairworld.org\/pierwszy-klip-promujacy-miss-wheelchair-world\/#primaryimage\",\"url\":\"https:\/\/misswheelchairworld.org\/wp-content\/uploads\/2022\/10\/miss_world_promo-10-_2_min.jpg\",\"contentUrl\":\"https:\/\/misswheelchairworld.org\/wp-content\/uploads\/2022\/10\/miss_world_promo-10-_2_min.jpg\",\"width\":315,\"height\":200},{\"@type\":\"BreadcrumbList\",\"@id\":\"https:\/\/misswheelchairworld.org\/pierwszy-klip-promujacy-miss-wheelchair-world\/#breadcrumb\",\"itemListElement\":[{\"@type\":\"ListItem\",\"position\":1,\"name\":\"Home\",\"item\":\"https:\/\/misswheelchairworld.org\/\"},{\"@type\":\"ListItem\",\"position\":2,\"name\":\"Pierwszy klip promuj\u0105cy Miss Wheelchair World\"}]},{\"@type\":\"WebSite\",\"@id\":\"https:\/\/misswheelchairworld.org\/#website\",\"url\":\"https:\/\/misswheelchairworld.org\/\",\"name\":\"Miss Wheelchair World\",\"description\":\"Miss Wheelchair World\",\"publisher\":{\"@id\":\"https:\/\/misswheelchairworld.org\/#organization\"},\"potentialAction\":[{\"@type\":\"SearchAction\",\"target\":{\"@type\":\"EntryPoint\",\"urlTemplate\":\"https:\/\/misswheelchairworld.org\/?s={search_term_string}\"},\"query-input\":{\"@type\":\"PropertyValueSpecification\",\"valueRequired\":true,\"valueName\":\"search_term_string\"}}],\"inLanguage\":\"en-GB\"},{\"@type\":\"Organization\",\"@id\":\"https:\/\/misswheelchairworld.org\/#organization\",\"name\":\"Miss Wheelchair World\",\"url\":\"https:\/\/misswheelchairworld.org\/\",\"logo\":{\"@type\":\"ImageObject\",\"inLanguage\":\"en-GB\",\"@id\":\"https:\/\/misswheelchairworld.org\/#\/schema\/logo\/image\/\",\"url\":\"https:\/\/misswheelchairworld.org\/wp-content\/uploads\/2022\/10\/Kopia-logoMWW-angielskie-czyste.png\",\"contentUrl\":\"https:\/\/misswheelchairworld.org\/wp-content\/uploads\/2022\/10\/Kopia-logoMWW-angielskie-czyste.png\",\"width\":4871,\"height\":1852,\"caption\":\"Miss Wheelchair World\"},\"image\":{\"@id\":\"https:\/\/misswheelchairworld.org\/#\/schema\/logo\/image\/\"},\"sameAs\":[\"https:\/\/www.facebook.com\/MissWheelchairWorld\",\"https:\/\/x.com\/Jedyna__Taka\",\"https:\/\/www.instagram.com\/misswheelchairworld\/\",\"https:\/\/www.youtube.com\/channel\/UCVaiD9tQULYwtIwQFAyk7zw\"]},{\"@type\":\"Person\",\"@id\":\"https:\/\/misswheelchairworld.org\/#\/schema\/person\/3418b832d7090b25a61cdfbdd6e1005b\",\"name\":\"gosialis\",\"image\":{\"@type\":\"ImageObject\",\"inLanguage\":\"en-GB\",\"@id\":\"https:\/\/misswheelchairworld.org\/#\/schema\/person\/image\/\",\"url\":\"https:\/\/secure.gravatar.com\/avatar\/d32e771e2d111cd51fb159185c23dbcf7416c3fc2cc9aec03b6a21c1e744a7ca?s=96&d=mm&r=g\",\"contentUrl\":\"https:\/\/secure.gravatar.com\/avatar\/d32e771e2d111cd51fb159185c23dbcf7416c3fc2cc9aec03b6a21c1e744a7ca?s=96&d=mm&r=g\",\"caption\":\"gosialis\"},\"sameAs\":[\"https:\/\/misswheelchairworld.org\"],\"url\":\"https:\/\/misswheelchairworld.org\/en\/author\/gosialis\/\"}]}<\/script>\n<!-- \/ Yoast SEO plugin. -->","yoast_head_json":{"title":"Pierwszy klip promuj\u0105cy Miss Wheelchair World - Miss Wheelchair World","robots":{"index":"index","follow":"follow","max-snippet":"max-snippet:-1","max-image-preview":"max-image-preview:large","max-video-preview":"max-video-preview:-1"},"canonical":"https:\/\/misswheelchairworld.org\/en\/pierwszy-klip-promujacy-miss-wheelchair-world\/","og_locale":"en_GB","og_type":"article","og_title":"Pierwszy klip promuj\u0105cy Miss Wheelchair World - Miss Wheelchair World","og_description":"Pierwszy klip promuj\u0105cy Miss Wheelchair World W grudniu 2015 roku odby\u0142y si\u0119 nagrania do pierwszego klipu promuj\u0105cego projekt Miss \u015awiata na W\u00f3zku 2017. Nagrania mia\u0142y miejsce w pi\u0119knych industrialnych wn\u0119trzach Centrum Nauki Kopernik w Warszawie, stolicy Polski. Realizacj\u0105 klipu zaj\u0119\u0142o si\u0119 regularnie wsp\u00f3\u0142pracuj\u0105ce z Fundacj\u0105 Jedyn\u0105 Tak\u0105 Studio IP Sebastian Wolny, Tomek \u015awi\u0105tkowski. W klipie...","og_url":"https:\/\/misswheelchairworld.org\/en\/pierwszy-klip-promujacy-miss-wheelchair-world\/","og_site_name":"Miss Wheelchair World","article_publisher":"https:\/\/www.facebook.com\/MissWheelchairWorld","article_published_time":"2016-07-14T09:19:58+00:00","article_modified_time":"2023-11-02T14:22:53+00:00","og_image":[{"width":315,"height":200,"url":"https:\/\/misswheelchairworld.org\/wp-content\/uploads\/2022\/10\/miss_world_promo-10-_2_min.jpg","type":"image\/jpeg"}],"author":"gosialis","twitter_card":"summary_large_image","twitter_creator":"@Jedyna__Taka","twitter_site":"@Jedyna__Taka","twitter_misc":{"Written by":"gosialis"},"schema":{"@context":"https:\/\/schema.org","@graph":[{"@type":"Article","@id":"https:\/\/misswheelchairworld.org\/pierwszy-klip-promujacy-miss-wheelchair-world\/#article","isPartOf":{"@id":"https:\/\/misswheelchairworld.org\/pierwszy-klip-promujacy-miss-wheelchair-world\/"},"author":{"name":"gosialis","@id":"https:\/\/misswheelchairworld.org\/#\/schema\/person\/3418b832d7090b25a61cdfbdd6e1005b"},"headline":"Pierwszy klip promuj\u0105cy Miss Wheelchair World","datePublished":"2016-07-14T09:19:58+00:00","dateModified":"2023-11-02T14:22:53+00:00","mainEntityOfPage":{"@id":"https:\/\/misswheelchairworld.org\/pierwszy-klip-promujacy-miss-wheelchair-world\/"},"wordCount":194,"publisher":{"@id":"https:\/\/misswheelchairworld.org\/#organization"},"image":{"@id":"https:\/\/misswheelchairworld.org\/pierwszy-klip-promujacy-miss-wheelchair-world\/#primaryimage"},"thumbnailUrl":"https:\/\/misswheelchairworld.org\/wp-content\/uploads\/2022\/10\/miss_world_promo-10-_2_min.jpg","articleSection":["Uncategorized"],"inLanguage":"en-GB"},{"@type":"WebPage","@id":"https:\/\/misswheelchairworld.org\/pierwszy-klip-promujacy-miss-wheelchair-world\/","url":"https:\/\/misswheelchairworld.org\/pierwszy-klip-promujacy-miss-wheelchair-world\/","name":"Pierwszy klip promuj\u0105cy Miss Wheelchair World - Miss Wheelchair World","isPartOf":{"@id":"https:\/\/misswheelchairworld.org\/#website"},"primaryImageOfPage":{"@id":"https:\/\/misswheelchairworld.org\/pierwszy-klip-promujacy-miss-wheelchair-world\/#primaryimage"},"image":{"@id":"https:\/\/misswheelchairworld.org\/pierwszy-klip-promujacy-miss-wheelchair-world\/#primaryimage"},"thumbnailUrl":"https:\/\/misswheelchairworld.org\/wp-content\/uploads\/2022\/10\/miss_world_promo-10-_2_min.jpg","datePublished":"2016-07-14T09:19:58+00:00","dateModified":"2023-11-02T14:22:53+00:00","breadcrumb":{"@id":"https:\/\/misswheelchairworld.org\/pierwszy-klip-promujacy-miss-wheelchair-world\/#breadcrumb"},"inLanguage":"en-GB","potentialAction":[{"@type":"ReadAction","target":["https:\/\/misswheelchairworld.org\/pierwszy-klip-promujacy-miss-wheelchair-world\/"]}]},{"@type":"ImageObject","inLanguage":"en-GB","@id":"https:\/\/misswheelchairworld.org\/pierwszy-klip-promujacy-miss-wheelchair-world\/#primaryimage","url":"https:\/\/misswheelchairworld.org\/wp-content\/uploads\/2022\/10\/miss_world_promo-10-_2_min.jpg","contentUrl":"https:\/\/misswheelchairworld.org\/wp-content\/uploads\/2022\/10\/miss_world_promo-10-_2_min.jpg","width":315,"height":200},{"@type":"BreadcrumbList","@id":"https:\/\/misswheelchairworld.org\/pierwszy-klip-promujacy-miss-wheelchair-world\/#breadcrumb","itemListElement":[{"@type":"ListItem","position":1,"name":"Home","item":"https:\/\/misswheelchairworld.org\/"},{"@type":"ListItem","position":2,"name":"Pierwszy klip promuj\u0105cy Miss Wheelchair World"}]},{"@type":"WebSite","@id":"https:\/\/misswheelchairworld.org\/#website","url":"https:\/\/misswheelchairworld.org\/","name":"Miss Wheelchair World","description":"Miss Wheelchair World","publisher":{"@id":"https:\/\/misswheelchairworld.org\/#organization"},"potentialAction":[{"@type":"SearchAction","target":{"@type":"EntryPoint","urlTemplate":"https:\/\/misswheelchairworld.org\/?s={search_term_string}"},"query-input":{"@type":"PropertyValueSpecification","valueRequired":true,"valueName":"search_term_string"}}],"inLanguage":"en-GB"},{"@type":"Organization","@id":"https:\/\/misswheelchairworld.org\/#organization","name":"Miss Wheelchair World","url":"https:\/\/misswheelchairworld.org\/","logo":{"@type":"ImageObject","inLanguage":"en-GB","@id":"https:\/\/misswheelchairworld.org\/#\/schema\/logo\/image\/","url":"https:\/\/misswheelchairworld.org\/wp-content\/uploads\/2022\/10\/Kopia-logoMWW-angielskie-czyste.png","contentUrl":"https:\/\/misswheelchairworld.org\/wp-content\/uploads\/2022\/10\/Kopia-logoMWW-angielskie-czyste.png","width":4871,"height":1852,"caption":"Miss Wheelchair World"},"image":{"@id":"https:\/\/misswheelchairworld.org\/#\/schema\/logo\/image\/"},"sameAs":["https:\/\/www.facebook.com\/MissWheelchairWorld","https:\/\/x.com\/Jedyna__Taka","https:\/\/www.instagram.com\/misswheelchairworld\/","https:\/\/www.youtube.com\/channel\/UCVaiD9tQULYwtIwQFAyk7zw"]},{"@type":"Person","@id":"https:\/\/misswheelchairworld.org\/#\/schema\/person\/3418b832d7090b25a61cdfbdd6e1005b","name":"gosialis","image":{"@type":"ImageObject","inLanguage":"en-GB","@id":"https:\/\/misswheelchairworld.org\/#\/schema\/person\/image\/","url":"https:\/\/secure.gravatar.com\/avatar\/d32e771e2d111cd51fb159185c23dbcf7416c3fc2cc9aec03b6a21c1e744a7ca?s=96&d=mm&r=g","contentUrl":"https:\/\/secure.gravatar.com\/avatar\/d32e771e2d111cd51fb159185c23dbcf7416c3fc2cc9aec03b6a21c1e744a7ca?s=96&d=mm&r=g","caption":"gosialis"},"sameAs":["https:\/\/misswheelchairworld.org"],"url":"https:\/\/misswheelchairworld.org\/en\/author\/gosialis\/"}]}},"_links":{"self":[{"href":"https:\/\/misswheelchairworld.org\/en\/wp-json\/wp\/v2\/posts\/2380","targetHints":{"allow":["GET"]}}],"collection":[{"href":"https:\/\/misswheelchairworld.org\/en\/wp-json\/wp\/v2\/posts"}],"about":[{"href":"https:\/\/misswheelchairworld.org\/en\/wp-json\/wp\/v2\/types\/post"}],"author":[{"embeddable":true,"href":"https:\/\/misswheelchairworld.org\/en\/wp-json\/wp\/v2\/users\/1"}],"replies":[{"embeddable":true,"href":"https:\/\/misswheelchairworld.org\/en\/wp-json\/wp\/v2\/comments?post=2380"}],"version-history":[{"count":1,"href":"https:\/\/misswheelchairworld.org\/en\/wp-json\/wp\/v2\/posts\/2380\/revisions"}],"predecessor-version":[{"id":5433,"href":"https:\/\/misswheelchairworld.org\/en\/wp-json\/wp\/v2\/posts\/2380\/revisions\/5433"}],"wp:featuredmedia":[{"embeddable":true,"href":"https:\/\/misswheelchairworld.org\/en\/wp-json\/wp\/v2\/media\/2381"}],"wp:attachment":[{"href":"https:\/\/misswheelchairworld.org\/en\/wp-json\/wp\/v2\/media?parent=2380"}],"wp:term":[{"taxonomy":"category","embeddable":true,"href":"https:\/\/misswheelchairworld.org\/en\/wp-json\/wp\/v2\/categories?post=2380"},{"taxonomy":"post_tag","embeddable":true,"href":"https:\/\/misswheelchairworld.org\/en\/wp-json\/wp\/v2\/tags?post=2380"}],"curies":[{"name":"wp","href":"https:\/\/api.w.org\/{rel}","templated":true}]}}